{"id":15817,"date":"2024-10-10T08:53:09","date_gmt":"2024-10-10T06:53:09","guid":{"rendered":"https:\/\/agora.xtec.cat\/ceip-jruyra-l-h\/?p=15817"},"modified":"2024-10-09T15:53:29","modified_gmt":"2024-10-09T13:53:29","slug":"i5a-i-i5b-comencem-la-psicomotricitat","status":"publish","type":"post","link":"https:\/\/agora.xtec.cat\/ceip-jruyra-l-h\/infantil\/i5\/i5a-i-i5b-comencem-la-psicomotricitat\/","title":{"rendered":"I5A i I5B: Comencem la Psicomotricitat"},"content":{"rendered":"<p>Hola fam\u00edlies!<\/p>\n<p>Aquesta setmana ja hem comen\u00e7at a fer psicomotricitat a I5. Aix\u00f2 implica: moviment, interaccions, jocs, imaginaci\u00f3, circuits, descobriments, relacions,&#8230; i un llarg etc\u00e8tera de moments inoblidables entre els nostres infants.<\/p>\n<p>Us volem recordar l\u2019horari:<\/p>\n<p>I5A: DILLUNS A LES 15:00h<\/p>\n<p>I5B: DIMARTS A LES 15:00h<\/p>\n<p>I, sobretot, recordeu que per poder desenvolupar tots els aspectes relacionats amb la psicomotricitat <strong><u>cal que tots els infants vinguin amb roba c\u00f2mode<\/u><\/strong>. Com ja vam comentar <strong><u>sense aquesta roba no en podran fer.<\/u><\/strong><\/p>\n<p>Moltes gr\u00e0cies i a continuaci\u00f3 teniu un enlla\u00e7 a la galeria de fotos!<\/p>\n<p><a href=\"https:\/\/drive.google.com\/drive\/folders\/1afxva6Zd2KkfBPAEskAUI5wgA4zYjJEz?usp=sharing\">https:\/\/drive.google.com\/drive\/folders\/1afxva6Zd2KkfBPAEskAUI5wgA4zYjJEz?usp=sharing<\/a><\/p>\n","protected":false},"excerpt":{"rendered":"<p>Hola fam\u00edlies!<br \/>\nAquesta setmana ja hem comen\u00e7at a fer psicomotricitat a I5. Aix\u00f2 implica: moviment, interaccions, jocs, imaginaci\u00f3, circuits, descobriments, relacions,&#8230; i un llarg etc\u00e8tera de moments inoblidables entre els nostres infants.<br \/>\nUs volem recordar l\u2019horari:<br \/>\nI5A: DILLUNS A LES 15:00h<br \/>\nI5B: DIMARTS A LES 15:00h<br \/>\nI, sobretot, recordeu que&hellip;  <a href=\"https:\/\/agora.xtec.cat\/ceip-jruyra-l-h\/infantil\/i5\/i5a-i-i5b-comencem-la-psicomotricitat\/\" title=\"Read I5A i I5B: Comencem la Psicomotricitat\">Llegeix m\u00e9s\u00bb<\/a><\/p>\n","protected":false},"author":19,"featured_media":15818,"comment_status":"open","ping_status":"closed","sticky":false,"template":"","format":"standard","meta":{"_bbp_topic_count":0,"_bbp_reply_count":0,"_bbp_total_topic_count":0,"_bbp_total_reply_count":0,"_bbp_voice_count":0,"_bbp_anonymous_reply_count":0,"_bbp_topic_count_hidden":0,"_bbp_reply_count_hidden":0,"_bbp_forum_subforum_count":0,"footnotes":""},"categories":[9],"tags":[],"class_list":["post-15817","post","type-post","status-publish","format-standard","has-post-thumbnail","hentry","category-i5"],"post_mailing_queue_ids":[],"_links":{"self":[{"href":"https:\/\/agora.xtec.cat\/ceip-jruyra-l-h\/wp-json\/wp\/v2\/posts\/15817","targetHints":{"allow":["GET"]}}],"collection":[{"href":"https:\/\/agora.xtec.cat\/ceip-jruyra-l-h\/wp-json\/wp\/v2\/posts"}],"about":[{"href":"https:\/\/agora.xtec.cat\/ceip-jruyra-l-h\/wp-json\/wp\/v2\/types\/post"}],"author":[{"embeddable":true,"href":"https:\/\/agora.xtec.cat\/ceip-jruyra-l-h\/wp-json\/wp\/v2\/users\/19"}],"replies":[{"embeddable":true,"href":"https:\/\/agora.xtec.cat\/ceip-jruyra-l-h\/wp-json\/wp\/v2\/comments?post=15817"}],"version-history":[{"count":1,"href":"https:\/\/agora.xtec.cat\/ceip-jruyra-l-h\/wp-json\/wp\/v2\/posts\/15817\/revisions"}],"predecessor-version":[{"id":15819,"href":"https:\/\/agora.xtec.cat\/ceip-jruyra-l-h\/wp-json\/wp\/v2\/posts\/15817\/revisions\/15819"}],"wp:featuredmedia":[{"embeddable":true,"href":"https:\/\/agora.xtec.cat\/ceip-jruyra-l-h\/wp-json\/wp\/v2\/media\/15818"}],"wp:attachment":[{"href":"https:\/\/agora.xtec.cat\/ceip-jruyra-l-h\/wp-json\/wp\/v2\/media?parent=15817"}],"wp:term":[{"taxonomy":"category","embeddable":true,"href":"https:\/\/agora.xtec.cat\/ceip-jruyra-l-h\/wp-json\/wp\/v2\/categories?post=15817"},{"taxonomy":"post_tag","embeddable":true,"href":"https:\/\/agora.xtec.cat\/ceip-jruyra-l-h\/wp-json\/wp\/v2\/tags?post=15817"}],"curies":[{"name":"wp","href":"https:\/\/api.w.org\/{rel}","templated":true}]}}