{"id":15763,"date":"2024-09-25T07:51:13","date_gmt":"2024-09-25T05:51:13","guid":{"rendered":"https:\/\/agora.xtec.cat\/ceip-jruyra-l-h\/?p=15763"},"modified":"2024-09-25T07:51:13","modified_gmt":"2024-09-25T05:51:13","slug":"i5a-i-i5b-primers-dies-a-lescola","status":"publish","type":"post","link":"https:\/\/agora.xtec.cat\/ceip-jruyra-l-h\/infantil\/i5\/i5a-i-i5b-primers-dies-a-lescola\/","title":{"rendered":"I5A i I5B: Primers dies a l&#8217;escola"},"content":{"rendered":"<p>Hola fam\u00edlies!<\/p>\n<p>Ja ha arribat setembre i amb aquest mes tamb\u00e9 arriba el temps del retrobament: Retrobament amb els companys i les companyes, amb els adults que ens acompanyaran en aquest nou curs escolar, amb el material, els espais,&#8230; per\u00f2 \u00e9s nom\u00e9s un inici. Queden molts dies per descobrir, per compartir moments, sentiments, experi\u00e8ncies i tantes i tantes coses que compartirem amb tots vosaltres.<\/p>\n<p>Voleu veure un petit aven\u00e7 d\u2019aquests primers dies? Voleu comen\u00e7ar a descobrir activitats, rialles, jocs,&#8230; amb tots nosaltres? Doncs a continuaci\u00f3 podreu veure algunes fotos d\u2019aquests primers dies a l\u2019escola.<\/p>\n<p>Benvinguts i benvingudes a I5!!!!!<\/p>\n<p><a href=\"https:\/\/drive.google.com\/drive\/folders\/1Es2LNOSUzjBPfi1Q0tYCabtUJdja3FVt?usp=sharing\">https:\/\/drive.google.com\/drive\/folders\/1Es2LNOSUzjBPfi1Q0tYCabtUJdja3FVt?usp=sharing<\/a><\/p>\n","protected":false},"excerpt":{"rendered":"<p>Hola fam\u00edlies!<br \/>\nJa ha arribat setembre i amb aquest mes tamb\u00e9 arriba el temps del retrobament: Retrobament amb els companys i les companyes, amb els adults que ens acompanyaran en aquest nou curs escolar, amb el material, els espais,&#8230; per\u00f2 \u00e9s nom\u00e9s un inici. Queden molts&hellip;  <a href=\"https:\/\/agora.xtec.cat\/ceip-jruyra-l-h\/infantil\/i5\/i5a-i-i5b-primers-dies-a-lescola\/\" title=\"Read I5A i I5B: Primers dies a l&#8217;escola\">Llegeix m\u00e9s\u00bb<\/a><\/p>\n","protected":false},"author":19,"featured_media":15764,"comment_status":"open","ping_status":"closed","sticky":false,"template":"","format":"standard","meta":{"_bbp_topic_count":0,"_bbp_reply_count":0,"_bbp_total_topic_count":0,"_bbp_total_reply_count":0,"_bbp_voice_count":0,"_bbp_anonymous_reply_count":0,"_bbp_topic_count_hidden":0,"_bbp_reply_count_hidden":0,"_bbp_forum_subforum_count":0,"footnotes":""},"categories":[9],"tags":[],"class_list":["post-15763","post","type-post","status-publish","format-standard","has-post-thumbnail","hentry","category-i5"],"post_mailing_queue_ids":[],"_links":{"self":[{"href":"https:\/\/agora.xtec.cat\/ceip-jruyra-l-h\/wp-json\/wp\/v2\/posts\/15763","targetHints":{"allow":["GET"]}}],"collection":[{"href":"https:\/\/agora.xtec.cat\/ceip-jruyra-l-h\/wp-json\/wp\/v2\/posts"}],"about":[{"href":"https:\/\/agora.xtec.cat\/ceip-jruyra-l-h\/wp-json\/wp\/v2\/types\/post"}],"author":[{"embeddable":true,"href":"https:\/\/agora.xtec.cat\/ceip-jruyra-l-h\/wp-json\/wp\/v2\/users\/19"}],"replies":[{"embeddable":true,"href":"https:\/\/agora.xtec.cat\/ceip-jruyra-l-h\/wp-json\/wp\/v2\/comments?post=15763"}],"version-history":[{"count":1,"href":"https:\/\/agora.xtec.cat\/ceip-jruyra-l-h\/wp-json\/wp\/v2\/posts\/15763\/revisions"}],"predecessor-version":[{"id":15765,"href":"https:\/\/agora.xtec.cat\/ceip-jruyra-l-h\/wp-json\/wp\/v2\/posts\/15763\/revisions\/15765"}],"wp:featuredmedia":[{"embeddable":true,"href":"https:\/\/agora.xtec.cat\/ceip-jruyra-l-h\/wp-json\/wp\/v2\/media\/15764"}],"wp:attachment":[{"href":"https:\/\/agora.xtec.cat\/ceip-jruyra-l-h\/wp-json\/wp\/v2\/media?parent=15763"}],"wp:term":[{"taxonomy":"category","embeddable":true,"href":"https:\/\/agora.xtec.cat\/ceip-jruyra-l-h\/wp-json\/wp\/v2\/categories?post=15763"},{"taxonomy":"post_tag","embeddable":true,"href":"https:\/\/agora.xtec.cat\/ceip-jruyra-l-h\/wp-json\/wp\/v2\/tags?post=15763"}],"curies":[{"name":"wp","href":"https:\/\/api.w.org\/{rel}","templated":true}]}}