{"id":15742,"date":"2024-06-29T08:29:12","date_gmt":"2024-06-29T06:29:12","guid":{"rendered":"https:\/\/agora.xtec.cat\/ceip-jruyra-l-h\/?p=15742"},"modified":"2024-06-28T08:30:12","modified_gmt":"2024-06-28T06:30:12","slug":"i5b-classe-vikinga-final-de-curs","status":"publish","type":"post","link":"https:\/\/agora.xtec.cat\/ceip-jruyra-l-h\/infantil\/i5\/i5b-classe-vikinga-final-de-curs\/","title":{"rendered":"I5B: Classe Vikinga: Final de curs"},"content":{"rendered":"<p><img loading=\"lazy\" decoding=\"async\" class=\"alignnone size-large wp-image-15743\" src=\"https:\/\/agora.xtec.cat\/ceip-jruyra-l-h\/wp-content\/uploads\/usu2049\/2024\/06\/20240621_124607-1024x768.jpg\" alt=\"\" width=\"1024\" height=\"768\" srcset=\"https:\/\/agora.xtec.cat\/ceip-jruyra-l-h\/wp-content\/uploads\/usu2049\/2024\/06\/20240621_124607-1024x768.jpg 1024w, https:\/\/agora.xtec.cat\/ceip-jruyra-l-h\/wp-content\/uploads\/usu2049\/2024\/06\/20240621_124607-300x225.jpg 300w, https:\/\/agora.xtec.cat\/ceip-jruyra-l-h\/wp-content\/uploads\/usu2049\/2024\/06\/20240621_124607-768x576.jpg 768w, https:\/\/agora.xtec.cat\/ceip-jruyra-l-h\/wp-content\/uploads\/usu2049\/2024\/06\/20240621_124607-1536x1152.jpg 1536w, https:\/\/agora.xtec.cat\/ceip-jruyra-l-h\/wp-content\/uploads\/usu2049\/2024\/06\/20240621_124607-2048x1536.jpg 2048w, https:\/\/agora.xtec.cat\/ceip-jruyra-l-h\/wp-content\/uploads\/usu2049\/2024\/06\/20240621_124607-200x150.jpg 200w\" sizes=\"auto, (max-width: 1024px) 100vw, 1024px\" \/><\/p>\n<p>Ha arribat el fi de curs i amb ell s\u2019acaba una etapa molt important de la Classe Vikinga.<\/p>\n<p>Ha sigut un curs ple d\u2019aprenentatges, de motivaci\u00f3, de compartir, fer for\u00e7a com a grup, ple de moments molt divertits i dol\u00e7os i amb molta amistat.<\/p>\n<p>Hem fet tallers a l\u2019escola i sortides que ens han encantat, hem conegut a molts mestres diferents que ens han acompanyat en tot aquest proc\u00e9s, hem tingut la sort de tenir a l\u2019Anna fent pr\u00e0ctiques a la nostra classe, hem comen\u00e7at a fer angl\u00e8s i aquest curs hem conegut la classe de m\u00fasica&#8230; quantes aventures hem viscut!<\/p>\n<p>Per acomiadar aquest viatge tan emocionant, volem compartir-vos els nostres \u00faltims dies d\u2019I5. Vam celebrar una festa d\u2019aigua divertid\u00edssima! No us podeu imaginar com vam riure i gaudir! Despr\u00e9s vam esmorzar tots junts pizza i sucs i vam tenir tamb\u00e9 una petita sorpresa \u00a0amb gelats! Quin dia!<\/p>\n<p>Per poder veure imatges d\u2019aquests moments cliqueu en els seg\u00fcents enlla\u00e7os.<\/p>\n<p>Festa de l\u2019aigua:\u00a0<a href=\"https:\/\/drive.google.com\/drive\/folders\/1V8xy_OeBBt_C8u2Q40SrUkEI_ZzVykVY?usp=sharing\">https:\/\/drive.google.com\/drive\/folders\/1V8xy_OeBBt_C8u2Q40SrUkEI_ZzVykVY?usp=sharing<\/a><\/p>\n<p>Esmorzar pizza, sucs i gelats:\u00a0<a href=\"https:\/\/drive.google.com\/drive\/folders\/1CAMA0xcUtxwFHwjNqQVnRKxqEWY7ngx8?usp=sharing\">https:\/\/drive.google.com\/drive\/folders\/1CAMA0xcUtxwFHwjNqQVnRKxqEWY7ngx8?usp=sharing<\/a><\/p>\n<p>Imatges de les \u00faltimes setmanes del curs:\u00a0<a href=\"https:\/\/drive.google.com\/drive\/folders\/1S7WLYIF2Ii3JkzT8R5uuqSEhMPU4asoT?usp=sharing\">https:\/\/drive.google.com\/drive\/folders\/1S7WLYIF2Ii3JkzT8R5uuqSEhMPU4asoT?usp=sharing<\/a><\/p>\n<p>Bon estiu a tothom, gaudiu molt\u00edssim d\u2019aquest merescut descans vikings i vikingues i molta sort en la propera aventura de la vostra vida: Prim\u00e0ria!<\/p>\n","protected":false},"excerpt":{"rendered":"<p>Ha arribat el fi de curs i amb ell s\u2019acaba una etapa molt important de la Classe Vikinga.<br \/>\nHa sigut un curs ple d\u2019aprenentatges, de motivaci\u00f3, de compartir, fer for\u00e7a com a grup, ple de moments molt divertits i dol\u00e7os i amb molta amistat.<br \/>\nHem fet tallers&hellip;  <a href=\"https:\/\/agora.xtec.cat\/ceip-jruyra-l-h\/infantil\/i5\/i5b-classe-vikinga-final-de-curs\/\" title=\"Read I5B: Classe Vikinga: Final de curs\">Llegeix m\u00e9s\u00bb<\/a><\/p>\n","protected":false},"author":37,"featured_media":15743,"comment_status":"open","ping_status":"closed","sticky":false,"template":"","format":"standard","meta":{"_bbp_topic_count":0,"_bbp_reply_count":0,"_bbp_total_topic_count":0,"_bbp_total_reply_count":0,"_bbp_voice_count":0,"_bbp_anonymous_reply_count":0,"_bbp_topic_count_hidden":0,"_bbp_reply_count_hidden":0,"_bbp_forum_subforum_count":0,"footnotes":""},"categories":[9],"tags":[],"class_list":["post-15742","post","type-post","status-publish","format-standard","has-post-thumbnail","hentry","category-i5"],"post_mailing_queue_ids":[],"_links":{"self":[{"href":"https:\/\/agora.xtec.cat\/ceip-jruyra-l-h\/wp-json\/wp\/v2\/posts\/15742","targetHints":{"allow":["GET"]}}],"collection":[{"href":"https:\/\/agora.xtec.cat\/ceip-jruyra-l-h\/wp-json\/wp\/v2\/posts"}],"about":[{"href":"https:\/\/agora.xtec.cat\/ceip-jruyra-l-h\/wp-json\/wp\/v2\/types\/post"}],"author":[{"embeddable":true,"href":"https:\/\/agora.xtec.cat\/ceip-jruyra-l-h\/wp-json\/wp\/v2\/users\/37"}],"replies":[{"embeddable":true,"href":"https:\/\/agora.xtec.cat\/ceip-jruyra-l-h\/wp-json\/wp\/v2\/comments?post=15742"}],"version-history":[{"count":2,"href":"https:\/\/agora.xtec.cat\/ceip-jruyra-l-h\/wp-json\/wp\/v2\/posts\/15742\/revisions"}],"predecessor-version":[{"id":15745,"href":"https:\/\/agora.xtec.cat\/ceip-jruyra-l-h\/wp-json\/wp\/v2\/posts\/15742\/revisions\/15745"}],"wp:featuredmedia":[{"embeddable":true,"href":"https:\/\/agora.xtec.cat\/ceip-jruyra-l-h\/wp-json\/wp\/v2\/media\/15743"}],"wp:attachment":[{"href":"https:\/\/agora.xtec.cat\/ceip-jruyra-l-h\/wp-json\/wp\/v2\/media?parent=15742"}],"wp:term":[{"taxonomy":"category","embeddable":true,"href":"https:\/\/agora.xtec.cat\/ceip-jruyra-l-h\/wp-json\/wp\/v2\/categories?post=15742"},{"taxonomy":"post_tag","embeddable":true,"href":"https:\/\/agora.xtec.cat\/ceip-jruyra-l-h\/wp-json\/wp\/v2\/tags?post=15742"}],"curies":[{"name":"wp","href":"https:\/\/api.w.org\/{rel}","templated":true}]}}