{"id":15737,"date":"2024-06-26T09:48:06","date_gmt":"2024-06-26T07:48:06","guid":{"rendered":"https:\/\/agora.xtec.cat\/ceip-jruyra-l-h\/?p=15737"},"modified":"2024-06-24T23:48:39","modified_gmt":"2024-06-24T21:48:39","slug":"i3b-aniversaris-destiu","status":"publish","type":"post","link":"https:\/\/agora.xtec.cat\/ceip-jruyra-l-h\/infantil\/i3\/i3b-aniversaris-destiu\/","title":{"rendered":"I3B: ANIVERSARIS D&#8217;ESTIU"},"content":{"rendered":"<p>&nbsp;<\/p>\n<p>I acabem amb els aniversaris de l&#8217;estiu!<\/p>\n<p><img loading=\"lazy\" decoding=\"async\" class=\"wp-image-15738 aligncenter\" src=\"https:\/\/agora.xtec.cat\/ceip-jruyra-l-h\/wp-content\/uploads\/usu2049\/2024\/06\/20240617_100954-copia-887x768.jpg\" alt=\"\" width=\"371\" height=\"321\" srcset=\"https:\/\/agora.xtec.cat\/ceip-jruyra-l-h\/wp-content\/uploads\/usu2049\/2024\/06\/20240617_100954-copia-887x768.jpg 887w, https:\/\/agora.xtec.cat\/ceip-jruyra-l-h\/wp-content\/uploads\/usu2049\/2024\/06\/20240617_100954-copia-300x260.jpg 300w, https:\/\/agora.xtec.cat\/ceip-jruyra-l-h\/wp-content\/uploads\/usu2049\/2024\/06\/20240617_100954-copia-768x665.jpg 768w, https:\/\/agora.xtec.cat\/ceip-jruyra-l-h\/wp-content\/uploads\/usu2049\/2024\/06\/20240617_100954-copia-1536x1330.jpg 1536w, https:\/\/agora.xtec.cat\/ceip-jruyra-l-h\/wp-content\/uploads\/usu2049\/2024\/06\/20240617_100954-copia.jpg 1782w\" sizes=\"auto, (max-width: 371px) 100vw, 371px\" \/><\/p>\n<p style=\"text-align: left;\">Aquesta \u00faltima setmana del curs hem celebrat els aniversaris dels mesos de juny i juliol.<br \/>\nL&#8217;aniversari de\u00a0Roseleen, el del Juan Antonio, el de l&#8217;Ainhoa, el del\u00a0Jaber, el del\u00a0Wassim\u00a0i el del\u00a0Amir\u00a0M.<br \/>\nJa tenim 4 anys! I com estem creixent&#8230;<\/p>\n<p>Entre tots hem decorat les corones amb molts colors, els hem cantat la can\u00e7\u00f3 de l&#8217;aniversari feli\u00e7, hem tingut esmorzars especials pels aniversaris i despr\u00e9s&#8230; BALL<\/p>\n<p>Com han gaudit aquests dies ballant junts, voleu veure&#8217;ls?<\/p>\n<p>Aqu\u00ed us deixo l&#8217;enlla\u00e7:<\/p>\n<p style=\"text-align: center;\"><a href=\"https:\/\/drive.google.com\/drive\/folders\/1XIdmhp-cuk0ht7SDCskqmHb43GIxf-dD?usp=drive_link\">https:\/\/drive.google.com\/drive\/folders\/1XIdmhp-cuk0ht7SDCskqmHb43GIxf-dD?usp=drive_link<\/a><\/p>\n<p style=\"text-align: left;\">Continuem sumant fam\u00edlies, i el curs que ve sumarem m\u00e9s!<\/p>\n","protected":false},"excerpt":{"rendered":"<p>&nbsp;<br \/>\nI acabem amb els aniversaris de l&#8217;estiu!<\/p>\n<p>Aquesta \u00faltima setmana del curs hem celebrat els aniversaris dels mesos de juny i juliol.<br \/>\nL&#8217;aniversari de\u00a0Roseleen, el del Juan Antonio, el de l&#8217;Ainhoa, el del\u00a0Jaber, el del\u00a0Wassim\u00a0i el del\u00a0Amir\u00a0M.<br \/>\nJa tenim 4 anys! I com estem creixent&#8230;<br \/>\nEntre tots hem decorat&hellip;  <a href=\"https:\/\/agora.xtec.cat\/ceip-jruyra-l-h\/infantil\/i3\/i3b-aniversaris-destiu\/\" title=\"Read I3B: ANIVERSARIS D&#8217;ESTIU\">Llegeix m\u00e9s\u00bb<\/a><\/p>\n","protected":false},"author":1,"featured_media":15738,"comment_status":"open","ping_status":"closed","sticky":false,"template":"","format":"standard","meta":{"_bbp_topic_count":0,"_bbp_reply_count":0,"_bbp_total_topic_count":0,"_bbp_total_reply_count":0,"_bbp_voice_count":0,"_bbp_anonymous_reply_count":0,"_bbp_topic_count_hidden":0,"_bbp_reply_count_hidden":0,"_bbp_forum_subforum_count":0,"footnotes":""},"categories":[3],"tags":[],"class_list":["post-15737","post","type-post","status-publish","format-standard","has-post-thumbnail","hentry","category-i3"],"post_mailing_queue_ids":[],"_links":{"self":[{"href":"https:\/\/agora.xtec.cat\/ceip-jruyra-l-h\/wp-json\/wp\/v2\/posts\/15737","targetHints":{"allow":["GET"]}}],"collection":[{"href":"https:\/\/agora.xtec.cat\/ceip-jruyra-l-h\/wp-json\/wp\/v2\/posts"}],"about":[{"href":"https:\/\/agora.xtec.cat\/ceip-jruyra-l-h\/wp-json\/wp\/v2\/types\/post"}],"author":[{"embeddable":true,"href":"https:\/\/agora.xtec.cat\/ceip-jruyra-l-h\/wp-json\/wp\/v2\/users\/1"}],"replies":[{"embeddable":true,"href":"https:\/\/agora.xtec.cat\/ceip-jruyra-l-h\/wp-json\/wp\/v2\/comments?post=15737"}],"version-history":[{"count":2,"href":"https:\/\/agora.xtec.cat\/ceip-jruyra-l-h\/wp-json\/wp\/v2\/posts\/15737\/revisions"}],"predecessor-version":[{"id":15740,"href":"https:\/\/agora.xtec.cat\/ceip-jruyra-l-h\/wp-json\/wp\/v2\/posts\/15737\/revisions\/15740"}],"wp:featuredmedia":[{"embeddable":true,"href":"https:\/\/agora.xtec.cat\/ceip-jruyra-l-h\/wp-json\/wp\/v2\/media\/15738"}],"wp:attachment":[{"href":"https:\/\/agora.xtec.cat\/ceip-jruyra-l-h\/wp-json\/wp\/v2\/media?parent=15737"}],"wp:term":[{"taxonomy":"category","embeddable":true,"href":"https:\/\/agora.xtec.cat\/ceip-jruyra-l-h\/wp-json\/wp\/v2\/categories?post=15737"},{"taxonomy":"post_tag","embeddable":true,"href":"https:\/\/agora.xtec.cat\/ceip-jruyra-l-h\/wp-json\/wp\/v2\/tags?post=15737"}],"curies":[{"name":"wp","href":"https:\/\/api.w.org\/{rel}","templated":true}]}}