{"id":15677,"date":"2024-06-07T10:01:22","date_gmt":"2024-06-07T08:01:22","guid":{"rendered":"https:\/\/agora.xtec.cat\/ceip-jruyra-l-h\/?p=15677"},"modified":"2024-06-04T10:01:54","modified_gmt":"2024-06-04T08:01:54","slug":"i5b-classe-vikinga-sortida-a-la-granja-les-tanques","status":"publish","type":"post","link":"https:\/\/agora.xtec.cat\/ceip-jruyra-l-h\/infantil\/i5\/i5b-classe-vikinga-sortida-a-la-granja-les-tanques\/","title":{"rendered":"I5B Classe Vikinga: Sortida a la granja Les Tanques"},"content":{"rendered":"<p><img loading=\"lazy\" decoding=\"async\" class=\"alignnone size-large wp-image-15678\" src=\"https:\/\/agora.xtec.cat\/ceip-jruyra-l-h\/wp-content\/uploads\/usu2049\/2024\/06\/20240522_114118-1024x768.jpg\" alt=\"\" width=\"1024\" height=\"768\" srcset=\"https:\/\/agora.xtec.cat\/ceip-jruyra-l-h\/wp-content\/uploads\/usu2049\/2024\/06\/20240522_114118-1024x768.jpg 1024w, https:\/\/agora.xtec.cat\/ceip-jruyra-l-h\/wp-content\/uploads\/usu2049\/2024\/06\/20240522_114118-300x225.jpg 300w, https:\/\/agora.xtec.cat\/ceip-jruyra-l-h\/wp-content\/uploads\/usu2049\/2024\/06\/20240522_114118-768x576.jpg 768w, https:\/\/agora.xtec.cat\/ceip-jruyra-l-h\/wp-content\/uploads\/usu2049\/2024\/06\/20240522_114118-1536x1152.jpg 1536w, https:\/\/agora.xtec.cat\/ceip-jruyra-l-h\/wp-content\/uploads\/usu2049\/2024\/06\/20240522_114118-2048x1536.jpg 2048w, https:\/\/agora.xtec.cat\/ceip-jruyra-l-h\/wp-content\/uploads\/usu2049\/2024\/06\/20240522_114118-200x150.jpg 200w\" sizes=\"auto, (max-width: 1024px) 100vw, 1024px\" \/><\/p>\n<p>El passat 22 de maig, tot el cicle d\u2019Educaci\u00f3 Infantil va anar d\u2019excursi\u00f3 a la Granja Les Tanques. Aquesta sortida va ser molt especial per I5, ja que \u00e9s l\u2019\u00faltima que farien amb el cicle i va estar plena de bons moments.<\/p>\n<p>En arribar vam poder veure tots els cavalls que tenien all\u00e0, per\u00f2 primer vam esmorzar per carregar les piles i viure tota aquesta experi\u00e8ncia amb molta energia.<\/p>\n<p>Despr\u00e9s vam fer una volta per la granja coneixent a tots els animals que hi vivien all\u00e0, un porc vietnamita, un ruc, gallines, conills, cabres i ovelles, \u00e0necs, un pa\u00f3\u2026 Vam aprendre moltes coses de com vivien, qu\u00e8 menjaven, quins aliments o productes produ\u00efen com els ous o la llana i vam poder alimentar a alguns.<\/p>\n<p>Un cop visitada aquesta granja, vam anar a la zona dels cavalls i els ponis per tamb\u00e9 aprendre moltes coses sobre ells, els vam raspallar i finalment els vam poder muntar d\u2019un en un per fer una volta.<\/p>\n<p>Finalment, vam anar a dinar i a jugar a un parc i com a sorpresa final, vam jugar a un inflable molt divertit.<\/p>\n<p>Si voleu veure imatges i v\u00eddeos d\u2019aquesta sortida tan especial, cliqueu en el seg\u00fcent enlla\u00e7:\u00a0<a href=\"https:\/\/drive.google.com\/drive\/folders\/1HlBN0pmm0hljrIow9TsbxTDdvpsio6kY?usp=sharing\">https:\/\/drive.google.com\/drive\/folders\/1HlBN0pmm0hljrIow9TsbxTDdvpsio6kY?usp=sharing<\/a><\/p>\n","protected":false},"excerpt":{"rendered":"<p>El passat 22 de maig, tot el cicle d\u2019Educaci\u00f3 Infantil va anar d\u2019excursi\u00f3 a la Granja Les Tanques. Aquesta sortida va ser molt especial per I5, ja que \u00e9s l\u2019\u00faltima que farien amb el cicle i va estar plena de bons moments.<br \/>\nEn arribar vam poder&hellip;  <a href=\"https:\/\/agora.xtec.cat\/ceip-jruyra-l-h\/infantil\/i5\/i5b-classe-vikinga-sortida-a-la-granja-les-tanques\/\" title=\"Read I5B Classe Vikinga: Sortida a la granja Les Tanques\">Llegeix m\u00e9s\u00bb<\/a><\/p>\n","protected":false},"author":37,"featured_media":15678,"comment_status":"open","ping_status":"closed","sticky":false,"template":"","format":"standard","meta":{"_bbp_topic_count":0,"_bbp_reply_count":0,"_bbp_total_topic_count":0,"_bbp_total_reply_count":0,"_bbp_voice_count":0,"_bbp_anonymous_reply_count":0,"_bbp_topic_count_hidden":0,"_bbp_reply_count_hidden":0,"_bbp_forum_subforum_count":0,"footnotes":""},"categories":[9],"tags":[],"class_list":["post-15677","post","type-post","status-publish","format-standard","has-post-thumbnail","hentry","category-i5"],"post_mailing_queue_ids":[],"_links":{"self":[{"href":"https:\/\/agora.xtec.cat\/ceip-jruyra-l-h\/wp-json\/wp\/v2\/posts\/15677","targetHints":{"allow":["GET"]}}],"collection":[{"href":"https:\/\/agora.xtec.cat\/ceip-jruyra-l-h\/wp-json\/wp\/v2\/posts"}],"about":[{"href":"https:\/\/agora.xtec.cat\/ceip-jruyra-l-h\/wp-json\/wp\/v2\/types\/post"}],"author":[{"embeddable":true,"href":"https:\/\/agora.xtec.cat\/ceip-jruyra-l-h\/wp-json\/wp\/v2\/users\/37"}],"replies":[{"embeddable":true,"href":"https:\/\/agora.xtec.cat\/ceip-jruyra-l-h\/wp-json\/wp\/v2\/comments?post=15677"}],"version-history":[{"count":2,"href":"https:\/\/agora.xtec.cat\/ceip-jruyra-l-h\/wp-json\/wp\/v2\/posts\/15677\/revisions"}],"predecessor-version":[{"id":15688,"href":"https:\/\/agora.xtec.cat\/ceip-jruyra-l-h\/wp-json\/wp\/v2\/posts\/15677\/revisions\/15688"}],"wp:featuredmedia":[{"embeddable":true,"href":"https:\/\/agora.xtec.cat\/ceip-jruyra-l-h\/wp-json\/wp\/v2\/media\/15678"}],"wp:attachment":[{"href":"https:\/\/agora.xtec.cat\/ceip-jruyra-l-h\/wp-json\/wp\/v2\/media?parent=15677"}],"wp:term":[{"taxonomy":"category","embeddable":true,"href":"https:\/\/agora.xtec.cat\/ceip-jruyra-l-h\/wp-json\/wp\/v2\/categories?post=15677"},{"taxonomy":"post_tag","embeddable":true,"href":"https:\/\/agora.xtec.cat\/ceip-jruyra-l-h\/wp-json\/wp\/v2\/tags?post=15677"}],"curies":[{"name":"wp","href":"https:\/\/api.w.org\/{rel}","templated":true}]}}