{"id":15673,"date":"2024-06-10T12:09:30","date_gmt":"2024-06-10T10:09:30","guid":{"rendered":"https:\/\/agora.xtec.cat\/ceip-jruyra-l-h\/?p=15673"},"modified":"2024-06-10T13:54:30","modified_gmt":"2024-06-10T11:54:30","slug":"i4b-classe-dels-vaixells-ens-acomiadem-de-la-ruth","status":"publish","type":"post","link":"https:\/\/agora.xtec.cat\/ceip-jruyra-l-h\/general\/i4b-classe-dels-vaixells-ens-acomiadem-de-la-ruth\/","title":{"rendered":"I4B CLASSE DELS VAIXELLS: ENS ACOMIADEM DE LA RUTH!"},"content":{"rendered":"<p><img loading=\"lazy\" decoding=\"async\" class=\"size-large wp-image-15674 aligncenter\" src=\"https:\/\/agora.xtec.cat\/ceip-jruyra-l-h\/wp-content\/uploads\/usu2049\/2024\/06\/RUTH-4-576x768.jpeg\" alt=\"\" width=\"576\" height=\"768\" srcset=\"https:\/\/agora.xtec.cat\/ceip-jruyra-l-h\/wp-content\/uploads\/usu2049\/2024\/06\/RUTH-4-576x768.jpeg 576w, https:\/\/agora.xtec.cat\/ceip-jruyra-l-h\/wp-content\/uploads\/usu2049\/2024\/06\/RUTH-4-225x300.jpeg 225w, https:\/\/agora.xtec.cat\/ceip-jruyra-l-h\/wp-content\/uploads\/usu2049\/2024\/06\/RUTH-4-768x1024.jpeg 768w, https:\/\/agora.xtec.cat\/ceip-jruyra-l-h\/wp-content\/uploads\/usu2049\/2024\/06\/RUTH-4-1152x1536.jpeg 1152w, https:\/\/agora.xtec.cat\/ceip-jruyra-l-h\/wp-content\/uploads\/usu2049\/2024\/06\/RUTH-4.jpeg 1536w\" sizes=\"auto, (max-width: 576px) 100vw, 576px\" \/><\/p>\n<p>&nbsp;<\/p>\n<p>Hola, fam\u00edlies!<\/p>\n<p>La Ruth ens ha acompanyat durant un temps i amb ella hem compartit molts moments! S&#8217;ha preocupat per nosaltres i ens ha ajudat en moments d&#8217;alegries i tamb\u00e9 de tristeses&#8230; junts hem recorregut un cam\u00ed ple d&#8217;aprenentatges!<\/p>\n<p>Durant el comiat, ens hem fet una forta abra\u00e7ada, sabem molt b\u00e9 que et trobarem a faltar! La Ruth ens ha fet un\u00a0<span class=\"hiddenGreenError\" style=\"padding-bottom: 2px; background-image: url('..\/..\/..\/..\/..\/images\/squiggle_green.png'); background-repeat: repeat-x; background-position: left bottom; cursor: default; color: #000000; font-family: 'Open Sans', Helvetica, Arial, sans-serif; font-size: 16px; font-style: normal; font-weight: 300; letter-spacing: normal; text-align: start; text-indent: 0px; text-transform: none;\">detall\u00e0s<\/span>! Ens ha fet molta il\u00b7lusi\u00f3, moltes gr\u00e0cies! I nosaltres tamb\u00e9 li hem volgut agrair la seva dedicaci\u00f3, les seves ganes d&#8217;aprendre i la seva dol\u00e7or fent-li un \u00e0lbum amb dibuixos, perqu\u00e8 pugui recordar-se&#8217;n de nosaltres!<\/p>\n<p>Totes aquestes viv\u00e8ncies no les oblidarem mai! Ens dona molta tristesa que ens h\u00e0gim d&#8217;acomiadar&#8230; per\u00f2 com sap molt b\u00e9, t\u00e9 les portes de l&#8217;escola obertes pel que necessiti!<\/p>\n<p>Estem molt agra\u00efts amb tu, Ruth! Que tinguis molta sort, marinera!<\/p>\n<p>Fam\u00edlies, si voleu veure les fotografies d&#8217;aquest acomiadament, nom\u00e9s heu de fer clic en el seg\u00fcent enlla\u00e7:<\/p>\n<p><a href=\"https:\/\/drive.google.com\/drive\/folders\/1sgoKiw0uIdIiSJa7Gz6Wg5TqCLEgLrRR?usp=sharing\">https:\/\/drive.google.com\/drive\/folders\/1sgoKiw0uIdIiSJa7Gz6Wg5TqCLEgLrRR?usp=sharing<\/a><\/p>\n","protected":false},"excerpt":{"rendered":"<p>&nbsp;<br \/>\nHola, fam\u00edlies!<br \/>\nLa Ruth ens ha acompanyat durant un temps i amb ella hem compartit molts moments! S&#8217;ha preocupat per nosaltres i ens ha ajudat en moments d&#8217;alegries i tamb\u00e9 de tristeses&#8230; junts hem recorregut un cam\u00ed ple d&#8217;aprenentatges!<br \/>\nDurant el comiat, ens hem fet una forta&hellip;  <a href=\"https:\/\/agora.xtec.cat\/ceip-jruyra-l-h\/general\/i4b-classe-dels-vaixells-ens-acomiadem-de-la-ruth\/\" title=\"Read I4B CLASSE DELS VAIXELLS: ENS ACOMIADEM DE LA RUTH!\">Llegeix m\u00e9s\u00bb<\/a><\/p>\n","protected":false},"author":1,"featured_media":15674,"comment_status":"open","ping_status":"closed","sticky":false,"template":"","format":"standard","meta":{"_bbp_topic_count":0,"_bbp_reply_count":0,"_bbp_total_topic_count":0,"_bbp_total_reply_count":0,"_bbp_voice_count":0,"_bbp_anonymous_reply_count":0,"_bbp_topic_count_hidden":0,"_bbp_reply_count_hidden":0,"_bbp_forum_subforum_count":0,"footnotes":""},"categories":[1,2,8],"tags":[],"class_list":["post-15673","post","type-post","status-publish","format-standard","has-post-thumbnail","hentry","category-general","category-infantil","category-i4"],"post_mailing_queue_ids":[],"_links":{"self":[{"href":"https:\/\/agora.xtec.cat\/ceip-jruyra-l-h\/wp-json\/wp\/v2\/posts\/15673","targetHints":{"allow":["GET"]}}],"collection":[{"href":"https:\/\/agora.xtec.cat\/ceip-jruyra-l-h\/wp-json\/wp\/v2\/posts"}],"about":[{"href":"https:\/\/agora.xtec.cat\/ceip-jruyra-l-h\/wp-json\/wp\/v2\/types\/post"}],"author":[{"embeddable":true,"href":"https:\/\/agora.xtec.cat\/ceip-jruyra-l-h\/wp-json\/wp\/v2\/users\/1"}],"replies":[{"embeddable":true,"href":"https:\/\/agora.xtec.cat\/ceip-jruyra-l-h\/wp-json\/wp\/v2\/comments?post=15673"}],"version-history":[{"count":4,"href":"https:\/\/agora.xtec.cat\/ceip-jruyra-l-h\/wp-json\/wp\/v2\/posts\/15673\/revisions"}],"predecessor-version":[{"id":15693,"href":"https:\/\/agora.xtec.cat\/ceip-jruyra-l-h\/wp-json\/wp\/v2\/posts\/15673\/revisions\/15693"}],"wp:featuredmedia":[{"embeddable":true,"href":"https:\/\/agora.xtec.cat\/ceip-jruyra-l-h\/wp-json\/wp\/v2\/media\/15674"}],"wp:attachment":[{"href":"https:\/\/agora.xtec.cat\/ceip-jruyra-l-h\/wp-json\/wp\/v2\/media?parent=15673"}],"wp:term":[{"taxonomy":"category","embeddable":true,"href":"https:\/\/agora.xtec.cat\/ceip-jruyra-l-h\/wp-json\/wp\/v2\/categories?post=15673"},{"taxonomy":"post_tag","embeddable":true,"href":"https:\/\/agora.xtec.cat\/ceip-jruyra-l-h\/wp-json\/wp\/v2\/tags?post=15673"}],"curies":[{"name":"wp","href":"https:\/\/api.w.org\/{rel}","templated":true}]}}