{"id":15661,"date":"2024-06-05T09:59:42","date_gmt":"2024-06-05T07:59:42","guid":{"rendered":"https:\/\/agora.xtec.cat\/ceip-jruyra-l-h\/?p=15661"},"modified":"2024-06-04T10:00:20","modified_gmt":"2024-06-04T08:00:20","slug":"i3b-aniversaris-de-maig","status":"publish","type":"post","link":"https:\/\/agora.xtec.cat\/ceip-jruyra-l-h\/infantil\/i3b-aniversaris-de-maig\/","title":{"rendered":"I3B: Aniversaris de Maig"},"content":{"rendered":"<p>Hola,\u00a0fam\u00edlies!<br \/>\nAquest mes, el mes de maig, hem celebrat 3 aniversaris; Zoe,\u00a0<span class=\"hiddenSpellError\">Benito<\/span>\u00a0i\u00a0<span class=\"hiddenSpellError\">Valeria<\/span>. Aquests pirates ja tenen\u00a0<span class=\"hiddenGreenError\">4<\/span>\u00a0anys!<\/p>\n<p><img loading=\"lazy\" decoding=\"async\" class=\"wp-image-15662 aligncenter\" src=\"https:\/\/agora.xtec.cat\/ceip-jruyra-l-h\/wp-content\/uploads\/usu2049\/2024\/06\/hgghh-1024x768.jpg\" alt=\"\" width=\"553\" height=\"415\" srcset=\"https:\/\/agora.xtec.cat\/ceip-jruyra-l-h\/wp-content\/uploads\/usu2049\/2024\/06\/hgghh-1024x768.jpg 1024w, https:\/\/agora.xtec.cat\/ceip-jruyra-l-h\/wp-content\/uploads\/usu2049\/2024\/06\/hgghh-300x225.jpg 300w, https:\/\/agora.xtec.cat\/ceip-jruyra-l-h\/wp-content\/uploads\/usu2049\/2024\/06\/hgghh-768x576.jpg 768w, https:\/\/agora.xtec.cat\/ceip-jruyra-l-h\/wp-content\/uploads\/usu2049\/2024\/06\/hgghh-1536x1152.jpg 1536w, https:\/\/agora.xtec.cat\/ceip-jruyra-l-h\/wp-content\/uploads\/usu2049\/2024\/06\/hgghh-2048x1536.jpg 2048w, https:\/\/agora.xtec.cat\/ceip-jruyra-l-h\/wp-content\/uploads\/usu2049\/2024\/06\/hgghh-200x150.jpg 200w\" sizes=\"auto, (max-width: 553px) 100vw, 553px\" \/><\/p>\n<p>Ens ho vam passar\u00a0superb\u00e9! D&#8217;entrada vam decorar entre totes i\u00a0tots les seves\u00a0corones, despr\u00e9s vam cantar la can\u00e7\u00f3 de &#8220;<span class=\"hiddenSpellError\">Cumplea\u00f1os<\/span>\u00a0<span class=\"hiddenSpellError\">feliz<\/span>&#8221; de\u00a0Parx\u00eds, vam posar un poc de m\u00fasica per ballar&#8230; i ens vam ficar dintre de la classe d&#8217;<span class=\"hiddenSpellError\">I3A<\/span>. Tamb\u00e9 celebraven els aniversaris de maig&#8230; aix\u00ed que\u00a0continuem\u00a0amb la festa!<\/p>\n<p>En acabat ja tocava agafar forces\u2026 gr\u00e0cies a les coses que ens han portat les mam\u00e0s, per a esmorzar hem menjat magdalenes i galetes de dinosaures! I, finalment, hem jugat una estona.<\/p>\n<p>Ac\u00ed us deixem proves de com s&#8217;ho van passar:<\/p>\n<p><a href=\"https:\/\/drive.google.com\/drive\/folders\/151hq7qJQ_gRL6LxnFkKO4OaP4ft4FwCy?usp=drive_link\">https:\/\/drive.google.com\/drive\/folders\/151hq7qJQ_gRL6LxnFkKO4OaP4ft4FwCy?usp=drive_link<\/a><\/p>\n<p><span class=\"hiddenGreenError\">Seguim<\/span>\u00a0sumant!<\/p>\n","protected":false},"excerpt":{"rendered":"<p>Hola,\u00a0fam\u00edlies!<br \/>\nAquest mes, el mes de maig, hem celebrat 3 aniversaris; Zoe,\u00a0Benito\u00a0i\u00a0Valeria. Aquests pirates ja tenen\u00a04\u00a0anys!<\/p>\n<p>Ens ho vam passar\u00a0superb\u00e9! D&#8217;entrada vam decorar entre totes i\u00a0tots les seves\u00a0corones, despr\u00e9s vam cantar la can\u00e7\u00f3 de &#8220;Cumplea\u00f1os\u00a0feliz&#8221; de\u00a0Parx\u00eds, vam posar un poc de m\u00fasica per ballar&#8230; i ens vam&hellip;  <a href=\"https:\/\/agora.xtec.cat\/ceip-jruyra-l-h\/infantil\/i3b-aniversaris-de-maig\/\" title=\"Read I3B: Aniversaris de Maig\">Llegeix m\u00e9s\u00bb<\/a><\/p>\n","protected":false},"author":1,"featured_media":15662,"comment_status":"open","ping_status":"closed","sticky":false,"template":"","format":"standard","meta":{"_bbp_topic_count":0,"_bbp_reply_count":0,"_bbp_total_topic_count":0,"_bbp_total_reply_count":0,"_bbp_voice_count":0,"_bbp_anonymous_reply_count":0,"_bbp_topic_count_hidden":0,"_bbp_reply_count_hidden":0,"_bbp_forum_subforum_count":0,"footnotes":""},"categories":[2,3],"tags":[],"class_list":["post-15661","post","type-post","status-publish","format-standard","has-post-thumbnail","hentry","category-infantil","category-i3"],"post_mailing_queue_ids":[],"_links":{"self":[{"href":"https:\/\/agora.xtec.cat\/ceip-jruyra-l-h\/wp-json\/wp\/v2\/posts\/15661","targetHints":{"allow":["GET"]}}],"collection":[{"href":"https:\/\/agora.xtec.cat\/ceip-jruyra-l-h\/wp-json\/wp\/v2\/posts"}],"about":[{"href":"https:\/\/agora.xtec.cat\/ceip-jruyra-l-h\/wp-json\/wp\/v2\/types\/post"}],"author":[{"embeddable":true,"href":"https:\/\/agora.xtec.cat\/ceip-jruyra-l-h\/wp-json\/wp\/v2\/users\/1"}],"replies":[{"embeddable":true,"href":"https:\/\/agora.xtec.cat\/ceip-jruyra-l-h\/wp-json\/wp\/v2\/comments?post=15661"}],"version-history":[{"count":2,"href":"https:\/\/agora.xtec.cat\/ceip-jruyra-l-h\/wp-json\/wp\/v2\/posts\/15661\/revisions"}],"predecessor-version":[{"id":15686,"href":"https:\/\/agora.xtec.cat\/ceip-jruyra-l-h\/wp-json\/wp\/v2\/posts\/15661\/revisions\/15686"}],"wp:featuredmedia":[{"embeddable":true,"href":"https:\/\/agora.xtec.cat\/ceip-jruyra-l-h\/wp-json\/wp\/v2\/media\/15662"}],"wp:attachment":[{"href":"https:\/\/agora.xtec.cat\/ceip-jruyra-l-h\/wp-json\/wp\/v2\/media?parent=15661"}],"wp:term":[{"taxonomy":"category","embeddable":true,"href":"https:\/\/agora.xtec.cat\/ceip-jruyra-l-h\/wp-json\/wp\/v2\/categories?post=15661"},{"taxonomy":"post_tag","embeddable":true,"href":"https:\/\/agora.xtec.cat\/ceip-jruyra-l-h\/wp-json\/wp\/v2\/tags?post=15661"}],"curies":[{"name":"wp","href":"https:\/\/api.w.org\/{rel}","templated":true}]}}