{"id":15624,"date":"2024-05-29T08:57:37","date_gmt":"2024-05-29T06:57:37","guid":{"rendered":"https:\/\/agora.xtec.cat\/ceip-jruyra-l-h\/?p=15624"},"modified":"2024-05-27T08:59:06","modified_gmt":"2024-05-27T06:59:06","slug":"i4b-aniversari-maig","status":"publish","type":"post","link":"https:\/\/agora.xtec.cat\/ceip-jruyra-l-h\/general\/i4b-aniversari-maig\/","title":{"rendered":"I4B: ANIVERSARI MAIG"},"content":{"rendered":"<p><img loading=\"lazy\" decoding=\"async\" class=\"alignnone size-large wp-image-14915\" src=\"https:\/\/agora.xtec.cat\/ceip-jruyra-l-h\/wp-content\/uploads\/usu2049\/2023\/11\/foto-cumple-1024x669.jpg\" alt=\"\" width=\"1024\" height=\"669\" srcset=\"https:\/\/agora.xtec.cat\/ceip-jruyra-l-h\/wp-content\/uploads\/usu2049\/2023\/11\/foto-cumple-1024x669.jpg 1024w, https:\/\/agora.xtec.cat\/ceip-jruyra-l-h\/wp-content\/uploads\/usu2049\/2023\/11\/foto-cumple-300x196.jpg 300w, https:\/\/agora.xtec.cat\/ceip-jruyra-l-h\/wp-content\/uploads\/usu2049\/2023\/11\/foto-cumple-768x502.jpg 768w, https:\/\/agora.xtec.cat\/ceip-jruyra-l-h\/wp-content\/uploads\/usu2049\/2023\/11\/foto-cumple.jpg 1366w\" sizes=\"auto, (max-width: 1024px) 100vw, 1024px\" \/><\/p>\n<p><span style=\"font-weight: 400;\">Hola fam\u00edlies!<\/span><\/p>\n<p><span style=\"font-weight: 400;\">En el mes de maig hem celebrat l\u2019<strong>aniversari<\/strong> de l\u2019<strong>Alejandra<\/strong>! Ja t\u00e9 5 anys, moltes felicitats, marinera! Com passa el temps, oi?!\u00a0<\/span><\/p>\n<p><span style=\"font-weight: 400;\">Qu\u00e8 b\u00e9 ens ho vam passar! Li vam cantar la can\u00e7\u00f3 d\u2019aniversari, vam poder decorar la corona entre tots i totes, vam ficar les taules m\u00e9s juntes i, com bona amfitriona, va repartir les galetes i els sucs que havia portat! Mmmmm\u2026 qu\u00e8 bo i qu\u00e8 b\u00e9 vam menjar! Per acabar la festa, no podia faltar la m\u00fasica, per poder moure l\u2019esquelet una estoneta! Ens ho vam passar s\u00faper, s\u00faper b\u00e9!\u00a0<\/span><\/p>\n<p><span style=\"font-weight: 400;\">Fam\u00edlies, si voleu veure les imatges d\u2019aquesta celebraci\u00f3, heu de fer clic en el seg\u00fcent enlla\u00e7:<\/span><\/p>\n<p><a href=\"https:\/\/drive.google.com\/drive\/folders\/1minBkZGVdFeQV-iuSAW0lwOg5PkCN8s0?usp=sharing\">https:\/\/drive.google.com\/drive\/folders\/1minBkZGVdFeQV-iuSAW0lwOg5PkCN8s0?usp=sharing<\/a><\/p>\n","protected":false},"excerpt":{"rendered":"<p>Hola fam\u00edlies!<br \/>\nEn el mes de maig hem celebrat l\u2019aniversari de l\u2019Alejandra! Ja t\u00e9 5 anys, moltes felicitats, marinera! Com passa el temps, oi?!\u00a0<br \/>\nQu\u00e8 b\u00e9 ens ho vam passar! Li vam cantar la can\u00e7\u00f3 d\u2019aniversari, vam poder decorar la corona entre tots i totes, vam ficar&hellip;  <a href=\"https:\/\/agora.xtec.cat\/ceip-jruyra-l-h\/general\/i4b-aniversari-maig\/\" title=\"Read I4B: ANIVERSARI MAIG\">Llegeix m\u00e9s\u00bb<\/a><\/p>\n","protected":false},"author":1,"featured_media":14863,"comment_status":"open","ping_status":"closed","sticky":false,"template":"","format":"standard","meta":{"_bbp_topic_count":0,"_bbp_reply_count":0,"_bbp_total_topic_count":0,"_bbp_total_reply_count":0,"_bbp_voice_count":0,"_bbp_anonymous_reply_count":0,"_bbp_topic_count_hidden":0,"_bbp_reply_count_hidden":0,"_bbp_forum_subforum_count":0,"footnotes":""},"categories":[1,2,8],"tags":[],"class_list":["post-15624","post","type-post","status-publish","format-standard","has-post-thumbnail","hentry","category-general","category-infantil","category-i4"],"post_mailing_queue_ids":[],"_links":{"self":[{"href":"https:\/\/agora.xtec.cat\/ceip-jruyra-l-h\/wp-json\/wp\/v2\/posts\/15624","targetHints":{"allow":["GET"]}}],"collection":[{"href":"https:\/\/agora.xtec.cat\/ceip-jruyra-l-h\/wp-json\/wp\/v2\/posts"}],"about":[{"href":"https:\/\/agora.xtec.cat\/ceip-jruyra-l-h\/wp-json\/wp\/v2\/types\/post"}],"author":[{"embeddable":true,"href":"https:\/\/agora.xtec.cat\/ceip-jruyra-l-h\/wp-json\/wp\/v2\/users\/1"}],"replies":[{"embeddable":true,"href":"https:\/\/agora.xtec.cat\/ceip-jruyra-l-h\/wp-json\/wp\/v2\/comments?post=15624"}],"version-history":[{"count":4,"href":"https:\/\/agora.xtec.cat\/ceip-jruyra-l-h\/wp-json\/wp\/v2\/posts\/15624\/revisions"}],"predecessor-version":[{"id":15629,"href":"https:\/\/agora.xtec.cat\/ceip-jruyra-l-h\/wp-json\/wp\/v2\/posts\/15624\/revisions\/15629"}],"wp:featuredmedia":[{"embeddable":true,"href":"https:\/\/agora.xtec.cat\/ceip-jruyra-l-h\/wp-json\/wp\/v2\/media\/14863"}],"wp:attachment":[{"href":"https:\/\/agora.xtec.cat\/ceip-jruyra-l-h\/wp-json\/wp\/v2\/media?parent=15624"}],"wp:term":[{"taxonomy":"category","embeddable":true,"href":"https:\/\/agora.xtec.cat\/ceip-jruyra-l-h\/wp-json\/wp\/v2\/categories?post=15624"},{"taxonomy":"post_tag","embeddable":true,"href":"https:\/\/agora.xtec.cat\/ceip-jruyra-l-h\/wp-json\/wp\/v2\/tags?post=15624"}],"curies":[{"name":"wp","href":"https:\/\/api.w.org\/{rel}","templated":true}]}}