{"id":15616,"date":"2024-05-28T08:45:48","date_gmt":"2024-05-28T06:45:48","guid":{"rendered":"https:\/\/agora.xtec.cat\/ceip-jruyra-l-h\/?p=15616"},"modified":"2024-05-27T08:57:30","modified_gmt":"2024-05-27T06:57:30","slug":"i4b-mariners-i-marineres-anem-a-la-granja","status":"publish","type":"post","link":"https:\/\/agora.xtec.cat\/ceip-jruyra-l-h\/infantil\/i4b-mariners-i-marineres-anem-a-la-granja\/","title":{"rendered":"I4B MARINERS I MARINERES: ANEM A LA GRANJA!"},"content":{"rendered":"<p><img loading=\"lazy\" decoding=\"async\" class=\" wp-image-15619 aligncenter\" src=\"https:\/\/agora.xtec.cat\/ceip-jruyra-l-h\/wp-content\/uploads\/usu2049\/2024\/05\/Imatge-granja-1024x720.jpg\" alt=\"\" width=\"589\" height=\"414\" srcset=\"https:\/\/agora.xtec.cat\/ceip-jruyra-l-h\/wp-content\/uploads\/usu2049\/2024\/05\/Imatge-granja-1024x720.jpg 1024w, https:\/\/agora.xtec.cat\/ceip-jruyra-l-h\/wp-content\/uploads\/usu2049\/2024\/05\/Imatge-granja-300x211.jpg 300w, https:\/\/agora.xtec.cat\/ceip-jruyra-l-h\/wp-content\/uploads\/usu2049\/2024\/05\/Imatge-granja-768x540.jpg 768w, https:\/\/agora.xtec.cat\/ceip-jruyra-l-h\/wp-content\/uploads\/usu2049\/2024\/05\/Imatge-granja.jpg 1393w\" sizes=\"auto, (max-width: 589px) 100vw, 589px\" \/><\/p>\n<p>&nbsp;<\/p>\n<p><span style=\"font-weight: 400;\">Estimades fam\u00edlies!<\/span><\/p>\n<p><span style=\"font-weight: 400;\">El passat dia 22 de maig, vam anar de sortida a la granja Les Tanques, que resta molt a prop de casa! Va ser tota una experi\u00e8ncia poder veure&#8217;ls, saber caracter\u00edstiques de cadascun d&#8217;ells, poder-los tocar i donar-los de menjar!<\/span><\/p>\n<p><span style=\"font-weight: 400;\">Hi havia un conill blanquet i gran, per\u00f2 una mica t\u00edmid; unes cabretes d&#8217;all\u00f2 m\u00e9s simp\u00e0tiques, que no paraven de treure el nasset per la tanca perqu\u00e8 volien menjar i menjar; un porquet d&#8217;all\u00f2 m\u00e9s panxol\u00ed que es va quedar estiradet a la fresca; vam veure el pa\u00f3 reial, molt elegant ell amb aquells colors lluents i n&#8217;hi havia un munt de cavalls!<\/span><\/p>\n<p><span style=\"font-weight: 400;\">La part m\u00e9s emocionant del dia, va ser la del final, perqu\u00e8 vam poder raspallar els ponis i fer una volteta amb ells per l&#8217;h\u00edpica! I ja ho diuen que com m\u00e9s b\u00e9 ens ho passem, m\u00e9s r\u00e0pid passa el temps! I aix\u00ed va ser!<\/span><\/p>\n<p><span style=\"font-weight: 400;\">Fam\u00edlies, si voleu veure les fotos d&#8217;aquest dia, nom\u00e9s cal que cliqueu el seg\u00fcent enlla\u00e7:<\/span><\/p>\n<p><a href=\"https:\/\/drive.google.com\/drive\/folders\/1oY9nC2RVUXqihHIezns_q2ReHgmJSSyE?usp=sharing\">https:\/\/drive.google.com\/drive\/folders\/1oY9nC2RVUXqihHIezns_q2ReHgmJSSyE?usp=sharing<\/a><\/p>\n","protected":false},"excerpt":{"rendered":"<p>&nbsp;<br \/>\nEstimades fam\u00edlies!<br \/>\nEl passat dia 22 de maig, vam anar de sortida a la granja Les Tanques, que resta molt a prop de casa! Va ser tota una experi\u00e8ncia poder veure&#8217;ls, saber caracter\u00edstiques de cadascun d&#8217;ells, poder-los tocar i donar-los de menjar!<br \/>\nHi havia un conill blanquet&hellip;  <a href=\"https:\/\/agora.xtec.cat\/ceip-jruyra-l-h\/infantil\/i4b-mariners-i-marineres-anem-a-la-granja\/\" title=\"Read I4B MARINERS I MARINERES: ANEM A LA GRANJA!\">Llegeix m\u00e9s\u00bb<\/a><\/p>\n","protected":false},"author":1,"featured_media":15619,"comment_status":"open","ping_status":"closed","sticky":false,"template":"","format":"standard","meta":{"_bbp_topic_count":0,"_bbp_reply_count":0,"_bbp_total_topic_count":0,"_bbp_total_reply_count":0,"_bbp_voice_count":0,"_bbp_anonymous_reply_count":0,"_bbp_topic_count_hidden":0,"_bbp_reply_count_hidden":0,"_bbp_forum_subforum_count":0,"footnotes":""},"categories":[2,8],"tags":[],"class_list":["post-15616","post","type-post","status-publish","format-standard","has-post-thumbnail","hentry","category-infantil","category-i4"],"post_mailing_queue_ids":[],"_links":{"self":[{"href":"https:\/\/agora.xtec.cat\/ceip-jruyra-l-h\/wp-json\/wp\/v2\/posts\/15616","targetHints":{"allow":["GET"]}}],"collection":[{"href":"https:\/\/agora.xtec.cat\/ceip-jruyra-l-h\/wp-json\/wp\/v2\/posts"}],"about":[{"href":"https:\/\/agora.xtec.cat\/ceip-jruyra-l-h\/wp-json\/wp\/v2\/types\/post"}],"author":[{"embeddable":true,"href":"https:\/\/agora.xtec.cat\/ceip-jruyra-l-h\/wp-json\/wp\/v2\/users\/1"}],"replies":[{"embeddable":true,"href":"https:\/\/agora.xtec.cat\/ceip-jruyra-l-h\/wp-json\/wp\/v2\/comments?post=15616"}],"version-history":[{"count":6,"href":"https:\/\/agora.xtec.cat\/ceip-jruyra-l-h\/wp-json\/wp\/v2\/posts\/15616\/revisions"}],"predecessor-version":[{"id":15628,"href":"https:\/\/agora.xtec.cat\/ceip-jruyra-l-h\/wp-json\/wp\/v2\/posts\/15616\/revisions\/15628"}],"wp:featuredmedia":[{"embeddable":true,"href":"https:\/\/agora.xtec.cat\/ceip-jruyra-l-h\/wp-json\/wp\/v2\/media\/15619"}],"wp:attachment":[{"href":"https:\/\/agora.xtec.cat\/ceip-jruyra-l-h\/wp-json\/wp\/v2\/media?parent=15616"}],"wp:term":[{"taxonomy":"category","embeddable":true,"href":"https:\/\/agora.xtec.cat\/ceip-jruyra-l-h\/wp-json\/wp\/v2\/categories?post=15616"},{"taxonomy":"post_tag","embeddable":true,"href":"https:\/\/agora.xtec.cat\/ceip-jruyra-l-h\/wp-json\/wp\/v2\/tags?post=15616"}],"curies":[{"name":"wp","href":"https:\/\/api.w.org\/{rel}","templated":true}]}}