{"id":15579,"date":"2024-05-30T09:53:36","date_gmt":"2024-05-30T07:53:36","guid":{"rendered":"https:\/\/agora.xtec.cat\/ceip-jruyra-l-h\/?p=15579"},"modified":"2024-05-27T09:53:48","modified_gmt":"2024-05-27T07:53:48","slug":"sortides-tercer-trimestre-5e","status":"publish","type":"post","link":"https:\/\/agora.xtec.cat\/ceip-jruyra-l-h\/general\/sortides-tercer-trimestre-5e\/","title":{"rendered":"Sortides tercer trimestre 5\u00e8"},"content":{"rendered":"<p>L&#8217;alumnat de 5\u00e8, aquest tercer trimestre em realitzat diferents sortides molt interessants! Per comen\u00e7ar, vam anar al Cosmocaixa a fer una visita per la exposici\u00f3 de f\u00f2ssils de dinosaures, ja que est\u00e0vem estudiant la prehist\u00f2ria.<\/p>\n<p><img loading=\"lazy\" decoding=\"async\" class=\"alignnone wp-image-15580\" src=\"https:\/\/agora.xtec.cat\/ceip-jruyra-l-h\/wp-content\/uploads\/usu2049\/2024\/05\/WhatsApp-Image-2024-05-06-at-09.45.45-576x768.jpeg\" alt=\"\" width=\"252\" height=\"336\" srcset=\"https:\/\/agora.xtec.cat\/ceip-jruyra-l-h\/wp-content\/uploads\/usu2049\/2024\/05\/WhatsApp-Image-2024-05-06-at-09.45.45-576x768.jpeg 576w, https:\/\/agora.xtec.cat\/ceip-jruyra-l-h\/wp-content\/uploads\/usu2049\/2024\/05\/WhatsApp-Image-2024-05-06-at-09.45.45-225x300.jpeg 225w, https:\/\/agora.xtec.cat\/ceip-jruyra-l-h\/wp-content\/uploads\/usu2049\/2024\/05\/WhatsApp-Image-2024-05-06-at-09.45.45-768x1024.jpeg 768w, https:\/\/agora.xtec.cat\/ceip-jruyra-l-h\/wp-content\/uploads\/usu2049\/2024\/05\/WhatsApp-Image-2024-05-06-at-09.45.45-1152x1536.jpeg 1152w, https:\/\/agora.xtec.cat\/ceip-jruyra-l-h\/wp-content\/uploads\/usu2049\/2024\/05\/WhatsApp-Image-2024-05-06-at-09.45.45.jpeg 1536w\" sizes=\"auto, (max-width: 252px) 100vw, 252px\" \/> <img loading=\"lazy\" decoding=\"async\" class=\"alignnone wp-image-15581\" src=\"https:\/\/agora.xtec.cat\/ceip-jruyra-l-h\/wp-content\/uploads\/usu2049\/2024\/05\/WhatsApp-Image-2024-04-30-at-10.23.14-1024x768.jpeg\" alt=\"\" width=\"321\" height=\"241\" srcset=\"https:\/\/agora.xtec.cat\/ceip-jruyra-l-h\/wp-content\/uploads\/usu2049\/2024\/05\/WhatsApp-Image-2024-04-30-at-10.23.14-1024x768.jpeg 1024w, https:\/\/agora.xtec.cat\/ceip-jruyra-l-h\/wp-content\/uploads\/usu2049\/2024\/05\/WhatsApp-Image-2024-04-30-at-10.23.14-300x225.jpeg 300w, https:\/\/agora.xtec.cat\/ceip-jruyra-l-h\/wp-content\/uploads\/usu2049\/2024\/05\/WhatsApp-Image-2024-04-30-at-10.23.14-768x576.jpeg 768w, https:\/\/agora.xtec.cat\/ceip-jruyra-l-h\/wp-content\/uploads\/usu2049\/2024\/05\/WhatsApp-Image-2024-04-30-at-10.23.14-1536x1152.jpeg 1536w, https:\/\/agora.xtec.cat\/ceip-jruyra-l-h\/wp-content\/uploads\/usu2049\/2024\/05\/WhatsApp-Image-2024-04-30-at-10.23.14-200x150.jpeg 200w, https:\/\/agora.xtec.cat\/ceip-jruyra-l-h\/wp-content\/uploads\/usu2049\/2024\/05\/WhatsApp-Image-2024-04-30-at-10.23.14.jpeg 1600w\" sizes=\"auto, (max-width: 321px) 100vw, 321px\" \/><\/p>\n<p>Despr\u00e9s, vam fer una sortida per celebrar el dia mundial de l&#8217;aigua. Amb la sequera que estem patint no hi havia millor manera de celebrar-ho que anant-hi al riu Llobregat a veure&#8217;l d&#8217;a prop! Aquesta consistia en dur a terme diferents activitats relacionades amb l&#8217;aigua, la fauna, la flora i el propi riu. Vam participar diferents escoles i les activitats les portaven a terme diferents instituts i associacions de l&#8217;Hospitalet.<\/p>\n<p><img loading=\"lazy\" decoding=\"async\" class=\"alignnone wp-image-15582\" src=\"https:\/\/agora.xtec.cat\/ceip-jruyra-l-h\/wp-content\/uploads\/usu2049\/2024\/05\/WhatsApp-Image-2024-05-06-at-09.44.50-1024x462.jpeg\" alt=\"\" width=\"401\" height=\"181\" srcset=\"https:\/\/agora.xtec.cat\/ceip-jruyra-l-h\/wp-content\/uploads\/usu2049\/2024\/05\/WhatsApp-Image-2024-05-06-at-09.44.50-1024x462.jpeg 1024w, https:\/\/agora.xtec.cat\/ceip-jruyra-l-h\/wp-content\/uploads\/usu2049\/2024\/05\/WhatsApp-Image-2024-05-06-at-09.44.50-300x135.jpeg 300w, https:\/\/agora.xtec.cat\/ceip-jruyra-l-h\/wp-content\/uploads\/usu2049\/2024\/05\/WhatsApp-Image-2024-05-06-at-09.44.50-768x347.jpeg 768w, https:\/\/agora.xtec.cat\/ceip-jruyra-l-h\/wp-content\/uploads\/usu2049\/2024\/05\/WhatsApp-Image-2024-05-06-at-09.44.50-1536x693.jpeg 1536w, https:\/\/agora.xtec.cat\/ceip-jruyra-l-h\/wp-content\/uploads\/usu2049\/2024\/05\/WhatsApp-Image-2024-05-06-at-09.44.50.jpeg 2048w\" sizes=\"auto, (max-width: 401px) 100vw, 401px\" \/> <img loading=\"lazy\" decoding=\"async\" class=\"alignnone wp-image-15583\" src=\"https:\/\/agora.xtec.cat\/ceip-jruyra-l-h\/wp-content\/uploads\/usu2049\/2024\/05\/WhatsApp-Image-2024-04-30-at-10.23.13-2-1024x768.jpeg\" alt=\"\" width=\"307\" height=\"231\" srcset=\"https:\/\/agora.xtec.cat\/ceip-jruyra-l-h\/wp-content\/uploads\/usu2049\/2024\/05\/WhatsApp-Image-2024-04-30-at-10.23.13-2-1024x768.jpeg 1024w, https:\/\/agora.xtec.cat\/ceip-jruyra-l-h\/wp-content\/uploads\/usu2049\/2024\/05\/WhatsApp-Image-2024-04-30-at-10.23.13-2-300x225.jpeg 300w, https:\/\/agora.xtec.cat\/ceip-jruyra-l-h\/wp-content\/uploads\/usu2049\/2024\/05\/WhatsApp-Image-2024-04-30-at-10.23.13-2-768x576.jpeg 768w, https:\/\/agora.xtec.cat\/ceip-jruyra-l-h\/wp-content\/uploads\/usu2049\/2024\/05\/WhatsApp-Image-2024-04-30-at-10.23.13-2-1536x1152.jpeg 1536w, https:\/\/agora.xtec.cat\/ceip-jruyra-l-h\/wp-content\/uploads\/usu2049\/2024\/05\/WhatsApp-Image-2024-04-30-at-10.23.13-2-200x150.jpeg 200w, https:\/\/agora.xtec.cat\/ceip-jruyra-l-h\/wp-content\/uploads\/usu2049\/2024\/05\/WhatsApp-Image-2024-04-30-at-10.23.13-2.jpeg 1600w\" sizes=\"auto, (max-width: 307px) 100vw, 307px\" \/> <img loading=\"lazy\" decoding=\"async\" class=\"alignnone wp-image-15584 size-large\" src=\"https:\/\/agora.xtec.cat\/ceip-jruyra-l-h\/wp-content\/uploads\/usu2049\/2024\/05\/WhatsApp-Image-2024-04-30-at-10.23.13-1-e1715587976602-1024x536.jpeg\" alt=\"\" width=\"1024\" height=\"536\" srcset=\"https:\/\/agora.xtec.cat\/ceip-jruyra-l-h\/wp-content\/uploads\/usu2049\/2024\/05\/WhatsApp-Image-2024-04-30-at-10.23.13-1-e1715587976602-1024x536.jpeg 1024w, https:\/\/agora.xtec.cat\/ceip-jruyra-l-h\/wp-content\/uploads\/usu2049\/2024\/05\/WhatsApp-Image-2024-04-30-at-10.23.13-1-e1715587976602-300x157.jpeg 300w, https:\/\/agora.xtec.cat\/ceip-jruyra-l-h\/wp-content\/uploads\/usu2049\/2024\/05\/WhatsApp-Image-2024-04-30-at-10.23.13-1-e1715587976602-768x402.jpeg 768w, https:\/\/agora.xtec.cat\/ceip-jruyra-l-h\/wp-content\/uploads\/usu2049\/2024\/05\/WhatsApp-Image-2024-04-30-at-10.23.13-1-e1715587976602-1536x804.jpeg 1536w, https:\/\/agora.xtec.cat\/ceip-jruyra-l-h\/wp-content\/uploads\/usu2049\/2024\/05\/WhatsApp-Image-2024-04-30-at-10.23.13-1-e1715587976602.jpeg 1600w\" sizes=\"auto, (max-width: 1024px) 100vw, 1024px\" \/><\/p>\n<p>&nbsp;<\/p>\n<p>Despr\u00e9s d&#8217;aquestes enriquidores sortides, vam anar a visitar Catalunya en Miniatura per tal de veure les maquetes i realitzar un tastet d&#8217;esports d&#8217;aventura en el seu bosc vertical. Vam gaudir d&#8217;all\u00f2 m\u00e9s!<\/p>\n<p><img loading=\"lazy\" decoding=\"async\" class=\"alignnone wp-image-15585\" src=\"https:\/\/agora.xtec.cat\/ceip-jruyra-l-h\/wp-content\/uploads\/usu2049\/2024\/05\/WhatsApp-Image-2024-05-06-at-09.39.15-1024x768.jpeg\" alt=\"\" width=\"354\" height=\"266\" srcset=\"https:\/\/agora.xtec.cat\/ceip-jruyra-l-h\/wp-content\/uploads\/usu2049\/2024\/05\/WhatsApp-Image-2024-05-06-at-09.39.15-1024x768.jpeg 1024w, https:\/\/agora.xtec.cat\/ceip-jruyra-l-h\/wp-content\/uploads\/usu2049\/2024\/05\/WhatsApp-Image-2024-05-06-at-09.39.15-300x225.jpeg 300w, https:\/\/agora.xtec.cat\/ceip-jruyra-l-h\/wp-content\/uploads\/usu2049\/2024\/05\/WhatsApp-Image-2024-05-06-at-09.39.15-768x576.jpeg 768w, https:\/\/agora.xtec.cat\/ceip-jruyra-l-h\/wp-content\/uploads\/usu2049\/2024\/05\/WhatsApp-Image-2024-05-06-at-09.39.15-1536x1152.jpeg 1536w, https:\/\/agora.xtec.cat\/ceip-jruyra-l-h\/wp-content\/uploads\/usu2049\/2024\/05\/WhatsApp-Image-2024-05-06-at-09.39.15-200x150.jpeg 200w, https:\/\/agora.xtec.cat\/ceip-jruyra-l-h\/wp-content\/uploads\/usu2049\/2024\/05\/WhatsApp-Image-2024-05-06-at-09.39.15.jpeg 1600w\" sizes=\"auto, (max-width: 354px) 100vw, 354px\" \/> <img loading=\"lazy\" decoding=\"async\" class=\"alignnone wp-image-15586\" src=\"https:\/\/agora.xtec.cat\/ceip-jruyra-l-h\/wp-content\/uploads\/usu2049\/2024\/05\/WhatsApp-Image-2024-05-06-at-08.54.16-1-1024x768.jpeg\" alt=\"\" width=\"352\" height=\"264\" srcset=\"https:\/\/agora.xtec.cat\/ceip-jruyra-l-h\/wp-content\/uploads\/usu2049\/2024\/05\/WhatsApp-Image-2024-05-06-at-08.54.16-1-1024x768.jpeg 1024w, https:\/\/agora.xtec.cat\/ceip-jruyra-l-h\/wp-content\/uploads\/usu2049\/2024\/05\/WhatsApp-Image-2024-05-06-at-08.54.16-1-300x225.jpeg 300w, https:\/\/agora.xtec.cat\/ceip-jruyra-l-h\/wp-content\/uploads\/usu2049\/2024\/05\/WhatsApp-Image-2024-05-06-at-08.54.16-1-768x576.jpeg 768w, https:\/\/agora.xtec.cat\/ceip-jruyra-l-h\/wp-content\/uploads\/usu2049\/2024\/05\/WhatsApp-Image-2024-05-06-at-08.54.16-1-1536x1152.jpeg 1536w, https:\/\/agora.xtec.cat\/ceip-jruyra-l-h\/wp-content\/uploads\/usu2049\/2024\/05\/WhatsApp-Image-2024-05-06-at-08.54.16-1-200x150.jpeg 200w, https:\/\/agora.xtec.cat\/ceip-jruyra-l-h\/wp-content\/uploads\/usu2049\/2024\/05\/WhatsApp-Image-2024-05-06-at-08.54.16-1.jpeg 1600w\" sizes=\"auto, (max-width: 352px) 100vw, 352px\" \/><\/p>\n<p>Per \u00faltim, hem realitzat per tancar els tallers de impressi\u00f3 3D i el trimestre, una visita al centre de Nubotica de l&#8217;Hospitalet. Aquesta sortida la hem realitzat per separat 5\u00e8 A i 5\u00e8 B. Hem apr\u00e8s molt\u00edssim!<\/p>\n<p><img loading=\"lazy\" decoding=\"async\" class=\"alignnone wp-image-15630\" src=\"https:\/\/agora.xtec.cat\/ceip-jruyra-l-h\/wp-content\/uploads\/usu2049\/2024\/05\/WhatsApp-Image-2024-05-27-at-08.30.51-1024x462.jpeg\" alt=\"\" width=\"316\" height=\"143\" srcset=\"https:\/\/agora.xtec.cat\/ceip-jruyra-l-h\/wp-content\/uploads\/usu2049\/2024\/05\/WhatsApp-Image-2024-05-27-at-08.30.51-1024x462.jpeg 1024w, https:\/\/agora.xtec.cat\/ceip-jruyra-l-h\/wp-content\/uploads\/usu2049\/2024\/05\/WhatsApp-Image-2024-05-27-at-08.30.51-300x135.jpeg 300w, https:\/\/agora.xtec.cat\/ceip-jruyra-l-h\/wp-content\/uploads\/usu2049\/2024\/05\/WhatsApp-Image-2024-05-27-at-08.30.51-768x347.jpeg 768w, https:\/\/agora.xtec.cat\/ceip-jruyra-l-h\/wp-content\/uploads\/usu2049\/2024\/05\/WhatsApp-Image-2024-05-27-at-08.30.51-1536x693.jpeg 1536w, https:\/\/agora.xtec.cat\/ceip-jruyra-l-h\/wp-content\/uploads\/usu2049\/2024\/05\/WhatsApp-Image-2024-05-27-at-08.30.51.jpeg 2048w\" sizes=\"auto, (max-width: 316px) 100vw, 316px\" \/> <img loading=\"lazy\" decoding=\"async\" class=\"alignnone wp-image-15631\" src=\"https:\/\/agora.xtec.cat\/ceip-jruyra-l-h\/wp-content\/uploads\/usu2049\/2024\/05\/WhatsApp-Image-2024-05-27-at-08.30.52-1-1024x462.jpeg\" alt=\"\" width=\"316\" height=\"142\" srcset=\"https:\/\/agora.xtec.cat\/ceip-jruyra-l-h\/wp-content\/uploads\/usu2049\/2024\/05\/WhatsApp-Image-2024-05-27-at-08.30.52-1-1024x462.jpeg 1024w, https:\/\/agora.xtec.cat\/ceip-jruyra-l-h\/wp-content\/uploads\/usu2049\/2024\/05\/WhatsApp-Image-2024-05-27-at-08.30.52-1-300x135.jpeg 300w, https:\/\/agora.xtec.cat\/ceip-jruyra-l-h\/wp-content\/uploads\/usu2049\/2024\/05\/WhatsApp-Image-2024-05-27-at-08.30.52-1-768x347.jpeg 768w, https:\/\/agora.xtec.cat\/ceip-jruyra-l-h\/wp-content\/uploads\/usu2049\/2024\/05\/WhatsApp-Image-2024-05-27-at-08.30.52-1-1536x693.jpeg 1536w, https:\/\/agora.xtec.cat\/ceip-jruyra-l-h\/wp-content\/uploads\/usu2049\/2024\/05\/WhatsApp-Image-2024-05-27-at-08.30.52-1.jpeg 2048w\" sizes=\"auto, (max-width: 316px) 100vw, 316px\" \/> <img loading=\"lazy\" decoding=\"async\" class=\"alignnone wp-image-15632\" src=\"https:\/\/agora.xtec.cat\/ceip-jruyra-l-h\/wp-content\/uploads\/usu2049\/2024\/05\/WhatsApp-Image-2024-05-22-at-10.09.09-432x768.jpeg\" alt=\"\" width=\"175\" height=\"311\" srcset=\"https:\/\/agora.xtec.cat\/ceip-jruyra-l-h\/wp-content\/uploads\/usu2049\/2024\/05\/WhatsApp-Image-2024-05-22-at-10.09.09-432x768.jpeg 432w, https:\/\/agora.xtec.cat\/ceip-jruyra-l-h\/wp-content\/uploads\/usu2049\/2024\/05\/WhatsApp-Image-2024-05-22-at-10.09.09-169x300.jpeg 169w, https:\/\/agora.xtec.cat\/ceip-jruyra-l-h\/wp-content\/uploads\/usu2049\/2024\/05\/WhatsApp-Image-2024-05-22-at-10.09.09-768x1365.jpeg 768w, https:\/\/agora.xtec.cat\/ceip-jruyra-l-h\/wp-content\/uploads\/usu2049\/2024\/05\/WhatsApp-Image-2024-05-22-at-10.09.09-864x1536.jpeg 864w, https:\/\/agora.xtec.cat\/ceip-jruyra-l-h\/wp-content\/uploads\/usu2049\/2024\/05\/WhatsApp-Image-2024-05-22-at-10.09.09.jpeg 900w\" sizes=\"auto, (max-width: 175px) 100vw, 175px\" \/> <img loading=\"lazy\" decoding=\"async\" class=\"alignnone wp-image-15633\" src=\"https:\/\/agora.xtec.cat\/ceip-jruyra-l-h\/wp-content\/uploads\/usu2049\/2024\/05\/WhatsApp-Image-2024-05-22-at-10.09.15-1024x768.jpeg\" alt=\"\" width=\"275\" height=\"207\" srcset=\"https:\/\/agora.xtec.cat\/ceip-jruyra-l-h\/wp-content\/uploads\/usu2049\/2024\/05\/WhatsApp-Image-2024-05-22-at-10.09.15-1024x768.jpeg 1024w, https:\/\/agora.xtec.cat\/ceip-jruyra-l-h\/wp-content\/uploads\/usu2049\/2024\/05\/WhatsApp-Image-2024-05-22-at-10.09.15-300x225.jpeg 300w, https:\/\/agora.xtec.cat\/ceip-jruyra-l-h\/wp-content\/uploads\/usu2049\/2024\/05\/WhatsApp-Image-2024-05-22-at-10.09.15-768x576.jpeg 768w, https:\/\/agora.xtec.cat\/ceip-jruyra-l-h\/wp-content\/uploads\/usu2049\/2024\/05\/WhatsApp-Image-2024-05-22-at-10.09.15-1536x1152.jpeg 1536w, https:\/\/agora.xtec.cat\/ceip-jruyra-l-h\/wp-content\/uploads\/usu2049\/2024\/05\/WhatsApp-Image-2024-05-22-at-10.09.15-200x150.jpeg 200w, https:\/\/agora.xtec.cat\/ceip-jruyra-l-h\/wp-content\/uploads\/usu2049\/2024\/05\/WhatsApp-Image-2024-05-22-at-10.09.15.jpeg 1600w\" sizes=\"auto, (max-width: 275px) 100vw, 275px\" \/><\/p>\n<p>&nbsp;<\/p>\n<p>Us adjuntem l&#8217;enlla\u00e7 del drive de totes les imatges d&#8217;aquestes meravelloses sortides de 5\u00e8!<\/p>\n<p><a href=\"https:\/\/drive.google.com\/drive\/folders\/1N7fo-6Y0YRj37WUHRhy7DagdyR--vobg?usp=drive_linkhttps:\/\/drive.google.com\/drive\/folders\/1N7fo-6Y0YRj37WUHRhy7DagdyR--vobg?usp=drive_link\">Fotos sortides 5\u00e8<\/a><\/p>\n<p>&nbsp;<\/p>\n","protected":false},"excerpt":{"rendered":"<p>L&#8217;alumnat de 5\u00e8, aquest tercer trimestre em realitzat diferents sortides molt interessants! Per comen\u00e7ar, vam anar al Cosmocaixa a fer una visita per la exposici\u00f3 de f\u00f2ssils de dinosaures, ja que est\u00e0vem estudiant la prehist\u00f2ria.<\/p>\n<p>Despr\u00e9s, vam fer una sortida per celebrar el dia mundial&hellip;  <a href=\"https:\/\/agora.xtec.cat\/ceip-jruyra-l-h\/general\/sortides-tercer-trimestre-5e\/\" title=\"Read Sortides tercer trimestre 5\u00e8\">Llegeix m\u00e9s\u00bb<\/a><\/p>\n","protected":false},"author":1,"featured_media":15584,"comment_status":"open","ping_status":"closed","sticky":false,"template":"","format":"standard","meta":{"_bbp_topic_count":0,"_bbp_reply_count":0,"_bbp_total_topic_count":0,"_bbp_total_reply_count":0,"_bbp_voice_count":0,"_bbp_anonymous_reply_count":0,"_bbp_topic_count_hidden":0,"_bbp_reply_count_hidden":0,"_bbp_forum_subforum_count":0,"footnotes":""},"categories":[1],"tags":[],"class_list":["post-15579","post","type-post","status-publish","format-standard","has-post-thumbnail","hentry","category-general"],"post_mailing_queue_ids":[],"_links":{"self":[{"href":"https:\/\/agora.xtec.cat\/ceip-jruyra-l-h\/wp-json\/wp\/v2\/posts\/15579","targetHints":{"allow":["GET"]}}],"collection":[{"href":"https:\/\/agora.xtec.cat\/ceip-jruyra-l-h\/wp-json\/wp\/v2\/posts"}],"about":[{"href":"https:\/\/agora.xtec.cat\/ceip-jruyra-l-h\/wp-json\/wp\/v2\/types\/post"}],"author":[{"embeddable":true,"href":"https:\/\/agora.xtec.cat\/ceip-jruyra-l-h\/wp-json\/wp\/v2\/users\/1"}],"replies":[{"embeddable":true,"href":"https:\/\/agora.xtec.cat\/ceip-jruyra-l-h\/wp-json\/wp\/v2\/comments?post=15579"}],"version-history":[{"count":3,"href":"https:\/\/agora.xtec.cat\/ceip-jruyra-l-h\/wp-json\/wp\/v2\/posts\/15579\/revisions"}],"predecessor-version":[{"id":15634,"href":"https:\/\/agora.xtec.cat\/ceip-jruyra-l-h\/wp-json\/wp\/v2\/posts\/15579\/revisions\/15634"}],"wp:featuredmedia":[{"embeddable":true,"href":"https:\/\/agora.xtec.cat\/ceip-jruyra-l-h\/wp-json\/wp\/v2\/media\/15584"}],"wp:attachment":[{"href":"https:\/\/agora.xtec.cat\/ceip-jruyra-l-h\/wp-json\/wp\/v2\/media?parent=15579"}],"wp:term":[{"taxonomy":"category","embeddable":true,"href":"https:\/\/agora.xtec.cat\/ceip-jruyra-l-h\/wp-json\/wp\/v2\/categories?post=15579"},{"taxonomy":"post_tag","embeddable":true,"href":"https:\/\/agora.xtec.cat\/ceip-jruyra-l-h\/wp-json\/wp\/v2\/tags?post=15579"}],"curies":[{"name":"wp","href":"https:\/\/api.w.org\/{rel}","templated":true}]}}