{"id":15577,"date":"2024-05-13T10:22:35","date_gmt":"2024-05-13T08:22:35","guid":{"rendered":"https:\/\/agora.xtec.cat\/ceip-jruyra-l-h\/?p=15577"},"modified":"2024-05-13T10:22:35","modified_gmt":"2024-05-13T08:22:35","slug":"i5b-classe-vikinga-comiat-de-lanna","status":"publish","type":"post","link":"https:\/\/agora.xtec.cat\/ceip-jruyra-l-h\/infantil\/i5\/i5b-classe-vikinga-comiat-de-lanna\/","title":{"rendered":"I5B Classe Vikinga: Comiat de l&#8217;Anna"},"content":{"rendered":"<p><img loading=\"lazy\" decoding=\"async\" class=\"alignnone size-large wp-image-15562\" src=\"https:\/\/agora.xtec.cat\/ceip-jruyra-l-h\/wp-content\/uploads\/usu2049\/2024\/05\/20240430_115416-1024x768.jpg\" alt=\"\" width=\"1024\" height=\"768\" srcset=\"https:\/\/agora.xtec.cat\/ceip-jruyra-l-h\/wp-content\/uploads\/usu2049\/2024\/05\/20240430_115416-1024x768.jpg 1024w, https:\/\/agora.xtec.cat\/ceip-jruyra-l-h\/wp-content\/uploads\/usu2049\/2024\/05\/20240430_115416-300x225.jpg 300w, https:\/\/agora.xtec.cat\/ceip-jruyra-l-h\/wp-content\/uploads\/usu2049\/2024\/05\/20240430_115416-768x576.jpg 768w, https:\/\/agora.xtec.cat\/ceip-jruyra-l-h\/wp-content\/uploads\/usu2049\/2024\/05\/20240430_115416-1536x1152.jpg 1536w, https:\/\/agora.xtec.cat\/ceip-jruyra-l-h\/wp-content\/uploads\/usu2049\/2024\/05\/20240430_115416-2048x1536.jpg 2048w, https:\/\/agora.xtec.cat\/ceip-jruyra-l-h\/wp-content\/uploads\/usu2049\/2024\/05\/20240430_115416-200x150.jpg 200w\" sizes=\"auto, (max-width: 1024px) 100vw, 1024px\" \/><\/p>\n<p>Durant moltes setmanes l\u2019Anna ens ha acompanyat a la Classe Vikinga. Ha compartit idees, feines, espais, jocs, activitats, abra\u00e7ades\u2026 Sempre esfor\u00e7ant-se i formant part del nostre grup, de totes les seves viv\u00e8ncies i de la manera que m\u00e9s ens agradava: amb una energia i un somriure permanent espectaculars.<\/p>\n<p>Per acomiadar-se, entre moltes abra\u00e7ades va fer un regal molt dol\u00e7 a cada nen i cada nena de la classe que van rebre amb molt\u00edssima alegria. Els nens i les nenes de la classe tamb\u00e9 li tenien una sorpresa preparada, un llibre amb el dibuix que cadascun d\u2019ells i elles que havien elaborat amb la m\u00e9s gran de les il\u00b7lusions, un petit record de com veuen a la que ha estat una gran companya durant tots aquests dies.<\/p>\n<p>Tot i la tristesa del comiat l\u2019Anna sap que les portes de l\u2019escola i de la Classe Vikinga sempre estaran obertes i que ens emportem el millor record d\u2019ella als nostres cors i per aix\u00f2 vam ballar fins l\u2019esgotament amb ella per acabar amb molta alegria i diversi\u00f3.<\/p>\n<p>Moltes gr\u00e0cies per tot Anna!<\/p>\n<p>Si voleu veure imatges i v\u00eddeos d\u2019aquest comiat, cliqueu en el seg\u00fcent enlla\u00e7:\u00a0<a href=\"https:\/\/drive.google.com\/drive\/folders\/1zm5Ro_QHkmGjzuafMX27v5i3XRpMSDsf?usp=sharing\">https:\/\/drive.google.com\/drive\/folders\/1zm5Ro_QHkmGjzuafMX27v5i3XRpMSDsf?usp=sharing<\/a><\/p>\n","protected":false},"excerpt":{"rendered":"<p>Durant moltes setmanes l\u2019Anna ens ha acompanyat a la Classe Vikinga. Ha compartit idees, feines, espais, jocs, activitats, abra\u00e7ades\u2026 Sempre esfor\u00e7ant-se i formant part del nostre grup, de totes les seves viv\u00e8ncies i de la manera que m\u00e9s ens agradava: amb una energia i un&hellip;  <a href=\"https:\/\/agora.xtec.cat\/ceip-jruyra-l-h\/infantil\/i5\/i5b-classe-vikinga-comiat-de-lanna\/\" title=\"Read I5B Classe Vikinga: Comiat de l&#8217;Anna\">Llegeix m\u00e9s\u00bb<\/a><\/p>\n","protected":false},"author":37,"featured_media":15562,"comment_status":"open","ping_status":"closed","sticky":false,"template":"","format":"standard","meta":{"_bbp_topic_count":0,"_bbp_reply_count":0,"_bbp_total_topic_count":0,"_bbp_total_reply_count":0,"_bbp_voice_count":0,"_bbp_anonymous_reply_count":0,"_bbp_topic_count_hidden":0,"_bbp_reply_count_hidden":0,"_bbp_forum_subforum_count":0,"footnotes":""},"categories":[9],"tags":[],"class_list":["post-15577","post","type-post","status-publish","format-standard","has-post-thumbnail","hentry","category-i5"],"post_mailing_queue_ids":[],"_links":{"self":[{"href":"https:\/\/agora.xtec.cat\/ceip-jruyra-l-h\/wp-json\/wp\/v2\/posts\/15577","targetHints":{"allow":["GET"]}}],"collection":[{"href":"https:\/\/agora.xtec.cat\/ceip-jruyra-l-h\/wp-json\/wp\/v2\/posts"}],"about":[{"href":"https:\/\/agora.xtec.cat\/ceip-jruyra-l-h\/wp-json\/wp\/v2\/types\/post"}],"author":[{"embeddable":true,"href":"https:\/\/agora.xtec.cat\/ceip-jruyra-l-h\/wp-json\/wp\/v2\/users\/37"}],"replies":[{"embeddable":true,"href":"https:\/\/agora.xtec.cat\/ceip-jruyra-l-h\/wp-json\/wp\/v2\/comments?post=15577"}],"version-history":[{"count":2,"href":"https:\/\/agora.xtec.cat\/ceip-jruyra-l-h\/wp-json\/wp\/v2\/posts\/15577\/revisions"}],"predecessor-version":[{"id":15591,"href":"https:\/\/agora.xtec.cat\/ceip-jruyra-l-h\/wp-json\/wp\/v2\/posts\/15577\/revisions\/15591"}],"wp:featuredmedia":[{"embeddable":true,"href":"https:\/\/agora.xtec.cat\/ceip-jruyra-l-h\/wp-json\/wp\/v2\/media\/15562"}],"wp:attachment":[{"href":"https:\/\/agora.xtec.cat\/ceip-jruyra-l-h\/wp-json\/wp\/v2\/media?parent=15577"}],"wp:term":[{"taxonomy":"category","embeddable":true,"href":"https:\/\/agora.xtec.cat\/ceip-jruyra-l-h\/wp-json\/wp\/v2\/categories?post=15577"},{"taxonomy":"post_tag","embeddable":true,"href":"https:\/\/agora.xtec.cat\/ceip-jruyra-l-h\/wp-json\/wp\/v2\/tags?post=15577"}],"curies":[{"name":"wp","href":"https:\/\/api.w.org\/{rel}","templated":true}]}}