{"id":15558,"date":"2024-05-18T10:19:06","date_gmt":"2024-05-18T08:19:06","guid":{"rendered":"https:\/\/agora.xtec.cat\/ceip-jruyra-l-h\/?p=15558"},"modified":"2024-05-13T10:19:21","modified_gmt":"2024-05-13T08:19:21","slug":"i5b-classe-vikinga-apadrinament-lector","status":"publish","type":"post","link":"https:\/\/agora.xtec.cat\/ceip-jruyra-l-h\/infantil\/i5\/i5b-classe-vikinga-apadrinament-lector\/","title":{"rendered":"I5B Classe Vikinga: Apadrinament Lector"},"content":{"rendered":"<p><img loading=\"lazy\" decoding=\"async\" class=\"alignnone size-large wp-image-15556\" src=\"https:\/\/agora.xtec.cat\/ceip-jruyra-l-h\/wp-content\/uploads\/usu2049\/2024\/05\/20240425_102619-1024x768.jpg\" alt=\"\" width=\"1024\" height=\"768\" srcset=\"https:\/\/agora.xtec.cat\/ceip-jruyra-l-h\/wp-content\/uploads\/usu2049\/2024\/05\/20240425_102619-1024x768.jpg 1024w, https:\/\/agora.xtec.cat\/ceip-jruyra-l-h\/wp-content\/uploads\/usu2049\/2024\/05\/20240425_102619-300x225.jpg 300w, https:\/\/agora.xtec.cat\/ceip-jruyra-l-h\/wp-content\/uploads\/usu2049\/2024\/05\/20240425_102619-768x576.jpg 768w, https:\/\/agora.xtec.cat\/ceip-jruyra-l-h\/wp-content\/uploads\/usu2049\/2024\/05\/20240425_102619-1536x1152.jpg 1536w, https:\/\/agora.xtec.cat\/ceip-jruyra-l-h\/wp-content\/uploads\/usu2049\/2024\/05\/20240425_102619-2048x1536.jpg 2048w, https:\/\/agora.xtec.cat\/ceip-jruyra-l-h\/wp-content\/uploads\/usu2049\/2024\/05\/20240425_102619-200x150.jpg 200w\" sizes=\"auto, (max-width: 1024px) 100vw, 1024px\" \/><\/p>\n<p>El passat 25 d\u2019abril tota l\u2019escola va celebrar un Apadrinament Lector on els grans llegien contes als petits. S\u2019han preparat molt b\u00e9 els contes per poder explicar com a padrins lectors. A I5 els nostres padrins van ser els i les\u00a0 alumnes de Quart de Prim\u00e0ria. Cada padr\u00ed va llegir amb molta dedicaci\u00f3 un conte a cada nen i nena de la nostra classe i tothom escoltava molt atent i atenta aquestes hist\u00f2ries que ens explicaven.<\/p>\n<p>Moltes gr\u00e0cies per aquest temps, per compartir-lo i fer-nos part\u00edcips de la millor de les experi\u00e8ncies: la de compartir somriures, estones, coneixements i per l\u2019estima que heu demostrat en tot moment!!!<\/p>\n<p>Si voleu veure imatges d\u2019aquesta activitat, cliqueu en el seg\u00fcent enlla\u00e7:\u00a0<a href=\"https:\/\/drive.google.com\/drive\/folders\/1JW5mS8WFz8ZsC5p5bGK9zV-MEIxP7lPc?usp=sharing\">https:\/\/drive.google.com\/drive\/folders\/1JW5mS8WFz8ZsC5p5bGK9zV-MEIxP7lPc?usp=sharing<\/a><\/p>\n","protected":false},"excerpt":{"rendered":"<p>El passat 25 d\u2019abril tota l\u2019escola va celebrar un Apadrinament Lector on els grans llegien contes als petits. S\u2019han preparat molt b\u00e9 els contes per poder explicar com a padrins lectors. A I5 els nostres padrins van ser els i les\u00a0 alumnes de Quart de&hellip;  <a href=\"https:\/\/agora.xtec.cat\/ceip-jruyra-l-h\/infantil\/i5\/i5b-classe-vikinga-apadrinament-lector\/\" title=\"Read I5B Classe Vikinga: Apadrinament Lector\">Llegeix m\u00e9s\u00bb<\/a><\/p>\n","protected":false},"author":37,"featured_media":15556,"comment_status":"open","ping_status":"closed","sticky":false,"template":"","format":"standard","meta":{"_bbp_topic_count":0,"_bbp_reply_count":0,"_bbp_total_topic_count":0,"_bbp_total_reply_count":0,"_bbp_voice_count":0,"_bbp_anonymous_reply_count":0,"_bbp_topic_count_hidden":0,"_bbp_reply_count_hidden":0,"_bbp_forum_subforum_count":0,"footnotes":""},"categories":[9],"tags":[],"class_list":["post-15558","post","type-post","status-publish","format-standard","has-post-thumbnail","hentry","category-i5"],"post_mailing_queue_ids":[],"_links":{"self":[{"href":"https:\/\/agora.xtec.cat\/ceip-jruyra-l-h\/wp-json\/wp\/v2\/posts\/15558","targetHints":{"allow":["GET"]}}],"collection":[{"href":"https:\/\/agora.xtec.cat\/ceip-jruyra-l-h\/wp-json\/wp\/v2\/posts"}],"about":[{"href":"https:\/\/agora.xtec.cat\/ceip-jruyra-l-h\/wp-json\/wp\/v2\/types\/post"}],"author":[{"embeddable":true,"href":"https:\/\/agora.xtec.cat\/ceip-jruyra-l-h\/wp-json\/wp\/v2\/users\/37"}],"replies":[{"embeddable":true,"href":"https:\/\/agora.xtec.cat\/ceip-jruyra-l-h\/wp-json\/wp\/v2\/comments?post=15558"}],"version-history":[{"count":1,"href":"https:\/\/agora.xtec.cat\/ceip-jruyra-l-h\/wp-json\/wp\/v2\/posts\/15558\/revisions"}],"predecessor-version":[{"id":15559,"href":"https:\/\/agora.xtec.cat\/ceip-jruyra-l-h\/wp-json\/wp\/v2\/posts\/15558\/revisions\/15559"}],"wp:featuredmedia":[{"embeddable":true,"href":"https:\/\/agora.xtec.cat\/ceip-jruyra-l-h\/wp-json\/wp\/v2\/media\/15556"}],"wp:attachment":[{"href":"https:\/\/agora.xtec.cat\/ceip-jruyra-l-h\/wp-json\/wp\/v2\/media?parent=15558"}],"wp:term":[{"taxonomy":"category","embeddable":true,"href":"https:\/\/agora.xtec.cat\/ceip-jruyra-l-h\/wp-json\/wp\/v2\/categories?post=15558"},{"taxonomy":"post_tag","embeddable":true,"href":"https:\/\/agora.xtec.cat\/ceip-jruyra-l-h\/wp-json\/wp\/v2\/tags?post=15558"}],"curies":[{"name":"wp","href":"https:\/\/api.w.org\/{rel}","templated":true}]}}