{"id":15538,"date":"2024-05-14T10:16:53","date_gmt":"2024-05-14T08:16:53","guid":{"rendered":"https:\/\/agora.xtec.cat\/ceip-jruyra-l-h\/?p=15538"},"modified":"2024-05-13T10:17:17","modified_gmt":"2024-05-13T08:17:17","slug":"i5b-classe-vikinga-aniversaris-dabril","status":"publish","type":"post","link":"https:\/\/agora.xtec.cat\/ceip-jruyra-l-h\/infantil\/i5\/i5b-classe-vikinga-aniversaris-dabril\/","title":{"rendered":"I5B Classe Vikinga: Aniversaris d&#8217;Abril"},"content":{"rendered":"<p><img loading=\"lazy\" decoding=\"async\" class=\"alignnone size-large wp-image-15537\" src=\"https:\/\/agora.xtec.cat\/ceip-jruyra-l-h\/wp-content\/uploads\/usu2049\/2024\/05\/20240412_152451-1-3-576x768.jpg\" alt=\"\" width=\"576\" height=\"768\" srcset=\"https:\/\/agora.xtec.cat\/ceip-jruyra-l-h\/wp-content\/uploads\/usu2049\/2024\/05\/20240412_152451-1-3-576x768.jpg 576w, https:\/\/agora.xtec.cat\/ceip-jruyra-l-h\/wp-content\/uploads\/usu2049\/2024\/05\/20240412_152451-1-3-225x300.jpg 225w, https:\/\/agora.xtec.cat\/ceip-jruyra-l-h\/wp-content\/uploads\/usu2049\/2024\/05\/20240412_152451-1-3-768x1024.jpg 768w, https:\/\/agora.xtec.cat\/ceip-jruyra-l-h\/wp-content\/uploads\/usu2049\/2024\/05\/20240412_152451-1-3-1152x1536.jpg 1152w, https:\/\/agora.xtec.cat\/ceip-jruyra-l-h\/wp-content\/uploads\/usu2049\/2024\/05\/20240412_152451-1-3.jpg 1500w\" sizes=\"auto, (max-width: 576px) 100vw, 576px\" \/><\/p>\n<p>Al mes d\u2019abril la Luc\u00eda i l\u2019Izan han fet 6 anys i com cada mes, hem fet una gran festa!<\/p>\n<p>Despr\u00e9s de posar-se la seva corona i cantar-li la can\u00e7\u00f3 d\u2019aniversari, la Lucia va rebre moltes abra\u00e7ades de tots els companys i companyes per felicitar-la i ella ens va compartir un berenar ben dol\u00e7 amb galetes i sucs que tothom va menjar amb moltes ganes.<\/p>\n<p>Un cop tenien les panxes ben plenes, es va obrir la pista de ball i va comen\u00e7ar la m\u00fasica&#8230; a moure l\u2019esquelet! Va ser molt divertit ballar amb els amics i amigues i poder celebrar aquesta festa que sempre ens encanta!<\/p>\n<p>Si voleu veure imatges i v\u00eddeos d\u2019aquesta celebraci\u00f3, cliqueu en el seg\u00fcent enlla\u00e7:\u00a0<a href=\"https:\/\/drive.google.com\/drive\/folders\/19PtgU8r-02xL3I0EN83yhdN953SM8Jha?usp=sharing\">https:\/\/drive.google.com\/drive\/folders\/19PtgU8r-02xL3I0EN83yhdN953SM8Jha?usp=sharing<\/a><\/p>\n","protected":false},"excerpt":{"rendered":"<p>Al mes d\u2019abril la Luc\u00eda i l\u2019Izan han fet 6 anys i com cada mes, hem fet una gran festa!<br \/>\nDespr\u00e9s de posar-se la seva corona i cantar-li la can\u00e7\u00f3 d\u2019aniversari, la Lucia va rebre moltes abra\u00e7ades de tots els companys i companyes per felicitar-la i&hellip;  <a href=\"https:\/\/agora.xtec.cat\/ceip-jruyra-l-h\/infantil\/i5\/i5b-classe-vikinga-aniversaris-dabril\/\" title=\"Read I5B Classe Vikinga: Aniversaris d&#8217;Abril\">Llegeix m\u00e9s\u00bb<\/a><\/p>\n","protected":false},"author":37,"featured_media":15537,"comment_status":"open","ping_status":"closed","sticky":false,"template":"","format":"standard","meta":{"_bbp_topic_count":0,"_bbp_reply_count":0,"_bbp_total_topic_count":0,"_bbp_total_reply_count":0,"_bbp_voice_count":0,"_bbp_anonymous_reply_count":0,"_bbp_topic_count_hidden":0,"_bbp_reply_count_hidden":0,"_bbp_forum_subforum_count":0,"footnotes":""},"categories":[9],"tags":[],"class_list":["post-15538","post","type-post","status-publish","format-standard","has-post-thumbnail","hentry","category-i5"],"post_mailing_queue_ids":[],"_links":{"self":[{"href":"https:\/\/agora.xtec.cat\/ceip-jruyra-l-h\/wp-json\/wp\/v2\/posts\/15538","targetHints":{"allow":["GET"]}}],"collection":[{"href":"https:\/\/agora.xtec.cat\/ceip-jruyra-l-h\/wp-json\/wp\/v2\/posts"}],"about":[{"href":"https:\/\/agora.xtec.cat\/ceip-jruyra-l-h\/wp-json\/wp\/v2\/types\/post"}],"author":[{"embeddable":true,"href":"https:\/\/agora.xtec.cat\/ceip-jruyra-l-h\/wp-json\/wp\/v2\/users\/37"}],"replies":[{"embeddable":true,"href":"https:\/\/agora.xtec.cat\/ceip-jruyra-l-h\/wp-json\/wp\/v2\/comments?post=15538"}],"version-history":[{"count":2,"href":"https:\/\/agora.xtec.cat\/ceip-jruyra-l-h\/wp-json\/wp\/v2\/posts\/15538\/revisions"}],"predecessor-version":[{"id":15587,"href":"https:\/\/agora.xtec.cat\/ceip-jruyra-l-h\/wp-json\/wp\/v2\/posts\/15538\/revisions\/15587"}],"wp:featuredmedia":[{"embeddable":true,"href":"https:\/\/agora.xtec.cat\/ceip-jruyra-l-h\/wp-json\/wp\/v2\/media\/15537"}],"wp:attachment":[{"href":"https:\/\/agora.xtec.cat\/ceip-jruyra-l-h\/wp-json\/wp\/v2\/media?parent=15538"}],"wp:term":[{"taxonomy":"category","embeddable":true,"href":"https:\/\/agora.xtec.cat\/ceip-jruyra-l-h\/wp-json\/wp\/v2\/categories?post=15538"},{"taxonomy":"post_tag","embeddable":true,"href":"https:\/\/agora.xtec.cat\/ceip-jruyra-l-h\/wp-json\/wp\/v2\/tags?post=15538"}],"curies":[{"name":"wp","href":"https:\/\/api.w.org\/{rel}","templated":true}]}}