{"id":15490,"date":"2024-05-06T11:58:39","date_gmt":"2024-05-06T09:58:39","guid":{"rendered":"https:\/\/agora.xtec.cat\/ceip-jruyra-l-h\/?p=15490"},"modified":"2024-05-06T11:58:39","modified_gmt":"2024-05-06T09:58:39","slug":"visca-sant-jordi","status":"publish","type":"post","link":"https:\/\/agora.xtec.cat\/ceip-jruyra-l-h\/general\/visca-sant-jordi\/","title":{"rendered":"VISCA SANT JORDI!!!"},"content":{"rendered":"<p>Durant la setmana passada,\u00a0hem tingut diferents activitats per ser Sant Jordi: els\u00a0Jocs Florals, regalar una rosa i l&#8217;apadrinament lector.<br \/>\nI sabeu qu\u00e8?<br \/>\nUn jurat format per pares i professors han premiat sense saber a qui pertanyien aquestes composicions liter\u00e0ries i pl\u00e0stiques a alumnes de l&#8217;escola. I ens ha tocat a nosaltres.<br \/>\nLa classe de les Estrelles ha estat premiada, per una composici\u00f3 de les quatre que havia presentat.<br \/>\nPer aix\u00f2 la taula guanyadora ha tingut un premi una mica m\u00e9s especial, un conte i la resta ha tingut com premi un llapis per poder continuar fomentant la creativitat i imaginaci\u00f3 a casa.<br \/>\nEl dia de Sant Jordi van regalar una rosa de plastilina<br \/>\nEl dijous van fer l&#8217;apadrinament amb els alumnes de 5\u00e8 (tutores: Mireia i\u00a0<span class=\"hiddenSpellError\">Nahiara<\/span>) al gimn\u00e0s, ens van ensenyar i llegir llibres de la biblioteca. Va ser una estona molt tranquil\u00b7la, i van gaudir d&#8217;una bona companyia.<br \/>\nI el divendres, van veure l&#8217;obra de\u00a0<span class=\"hiddenGrammarError\" style=\"padding-bottom: 2px; background-image: url('..\/..\/..\/..\/..\/images\/squiggle.png'); background-repeat: repeat-x; background-position: left bottom; cursor: default; color: #000000; font-family: 'Open Sans', Helvetica, Arial, sans-serif; font-size: 16px; font-style: normal; font-weight: 300; letter-spacing: normal; text-align: start; text-indent: 0px; text-transform: none;\">Sant<\/span>\u00a0Jordi, representada pels nostres amics de\u00a0<span class=\"hiddenSpellError\">I5A<\/span>, amb els seus vestits de reis i re\u00efnes, princeses i Sant Jordi, de Dracs i soldats.<br \/>\nPot\u00a0plegar, ha estat una setmana plena d&#8217;actes que no oblidarem mai.<br \/>\nI aqu\u00ed tenim algunes fotos d&#8217;aquestes activitats.<\/p>\n<p><a href=\"https:\/\/drive.google.com\/drive\/folders\/1V0GmHGffMvG0OZ6IIejZn2q44OYz8gFg?usp=sharing\">https:\/\/drive.google.com\/drive\/folders\/1V0GmHGffMvG0OZ6IIejZn2q44OYz8gFg?usp=sharing<\/a><\/p>\n<p>&nbsp;<\/p>\n","protected":false},"excerpt":{"rendered":"<p>Sant Jordi&hellip;  <a href=\"https:\/\/agora.xtec.cat\/ceip-jruyra-l-h\/general\/visca-sant-jordi\/\" title=\"Read VISCA SANT JORDI!!!\">Llegeix m\u00e9s\u00bb<\/a><\/p>\n","protected":false},"author":1,"featured_media":15493,"comment_status":"open","ping_status":"closed","sticky":false,"template":"","format":"standard","meta":{"_bbp_topic_count":0,"_bbp_reply_count":0,"_bbp_total_topic_count":0,"_bbp_total_reply_count":0,"_bbp_voice_count":0,"_bbp_anonymous_reply_count":0,"_bbp_topic_count_hidden":0,"_bbp_reply_count_hidden":0,"_bbp_forum_subforum_count":0,"footnotes":""},"categories":[1,2,3],"tags":[],"class_list":["post-15490","post","type-post","status-publish","format-standard","has-post-thumbnail","hentry","category-general","category-infantil","category-i3"],"post_mailing_queue_ids":[],"_links":{"self":[{"href":"https:\/\/agora.xtec.cat\/ceip-jruyra-l-h\/wp-json\/wp\/v2\/posts\/15490","targetHints":{"allow":["GET"]}}],"collection":[{"href":"https:\/\/agora.xtec.cat\/ceip-jruyra-l-h\/wp-json\/wp\/v2\/posts"}],"about":[{"href":"https:\/\/agora.xtec.cat\/ceip-jruyra-l-h\/wp-json\/wp\/v2\/types\/post"}],"author":[{"embeddable":true,"href":"https:\/\/agora.xtec.cat\/ceip-jruyra-l-h\/wp-json\/wp\/v2\/users\/1"}],"replies":[{"embeddable":true,"href":"https:\/\/agora.xtec.cat\/ceip-jruyra-l-h\/wp-json\/wp\/v2\/comments?post=15490"}],"version-history":[{"count":4,"href":"https:\/\/agora.xtec.cat\/ceip-jruyra-l-h\/wp-json\/wp\/v2\/posts\/15490\/revisions"}],"predecessor-version":[{"id":15517,"href":"https:\/\/agora.xtec.cat\/ceip-jruyra-l-h\/wp-json\/wp\/v2\/posts\/15490\/revisions\/15517"}],"wp:featuredmedia":[{"embeddable":true,"href":"https:\/\/agora.xtec.cat\/ceip-jruyra-l-h\/wp-json\/wp\/v2\/media\/15493"}],"wp:attachment":[{"href":"https:\/\/agora.xtec.cat\/ceip-jruyra-l-h\/wp-json\/wp\/v2\/media?parent=15490"}],"wp:term":[{"taxonomy":"category","embeddable":true,"href":"https:\/\/agora.xtec.cat\/ceip-jruyra-l-h\/wp-json\/wp\/v2\/categories?post=15490"},{"taxonomy":"post_tag","embeddable":true,"href":"https:\/\/agora.xtec.cat\/ceip-jruyra-l-h\/wp-json\/wp\/v2\/tags?post=15490"}],"curies":[{"name":"wp","href":"https:\/\/api.w.org\/{rel}","templated":true}]}}