{"id":15377,"date":"2024-04-06T18:32:44","date_gmt":"2024-04-06T16:32:44","guid":{"rendered":"https:\/\/agora.xtec.cat\/ceip-jruyra-l-h\/?p=15377"},"modified":"2024-04-06T18:32:44","modified_gmt":"2024-04-06T16:32:44","slug":"i5b-classe-vikinga-aniversaris-de-marc","status":"publish","type":"post","link":"https:\/\/agora.xtec.cat\/ceip-jruyra-l-h\/infantil\/i5\/i5b-classe-vikinga-aniversaris-de-marc\/","title":{"rendered":"I5B Classe Vikinga: Aniversaris de Mar\u00e7"},"content":{"rendered":"<p><img loading=\"lazy\" decoding=\"async\" class=\"alignnone size-large wp-image-15378\" src=\"https:\/\/agora.xtec.cat\/ceip-jruyra-l-h\/wp-content\/uploads\/usu2049\/2024\/04\/20240322_152513-576x768.jpg\" alt=\"\" width=\"576\" height=\"768\" srcset=\"https:\/\/agora.xtec.cat\/ceip-jruyra-l-h\/wp-content\/uploads\/usu2049\/2024\/04\/20240322_152513-576x768.jpg 576w, https:\/\/agora.xtec.cat\/ceip-jruyra-l-h\/wp-content\/uploads\/usu2049\/2024\/04\/20240322_152513-225x300.jpg 225w, https:\/\/agora.xtec.cat\/ceip-jruyra-l-h\/wp-content\/uploads\/usu2049\/2024\/04\/20240322_152513-768x1024.jpg 768w, https:\/\/agora.xtec.cat\/ceip-jruyra-l-h\/wp-content\/uploads\/usu2049\/2024\/04\/20240322_152513-1152x1536.jpg 1152w, https:\/\/agora.xtec.cat\/ceip-jruyra-l-h\/wp-content\/uploads\/usu2049\/2024\/04\/20240322_152513-1536x2048.jpg 1536w, https:\/\/agora.xtec.cat\/ceip-jruyra-l-h\/wp-content\/uploads\/usu2049\/2024\/04\/20240322_152513.jpg 1734w\" sizes=\"auto, (max-width: 576px) 100vw, 576px\" \/><\/p>\n<p>Aquest mes de Mar\u00e7, a la classe Vikinga hem celebrat tres aniversaris, el d\u2019en Hasaan Ali, el de l\u2019Amalia i el de l\u2019Hargun, que ja han fet 6 anys!<\/p>\n<p>Ben engalanats amb la seva corona, van rebre moltes abra\u00e7ades despr\u00e9s de cantar la can\u00e7\u00f3 d\u2019aniversari.<\/p>\n<p>Ens van compartir un berenar ben dol\u00e7 amb galetes i sucs que vam gaudir molt i en acabar, es va obrir la pista de ball per passar-ho d\u2019all\u00f2 m\u00e9s b\u00e9 ballant.<\/p>\n<p>Si voleu veure fotos i v\u00eddeos d\u2019aquest aniversari, cliqueu en el seg\u00fcent enlla\u00e7:\u00a0<a href=\"https:\/\/drive.google.com\/drive\/folders\/1N1NAxc52XdddfZZ3rrxTgIbor61zo76c?usp=sharing\">https:\/\/drive.google.com\/drive\/folders\/1N1NAxc52XdddfZZ3rrxTgIbor61zo76c?usp=sharing<\/a><\/p>\n","protected":false},"excerpt":{"rendered":"<p>Aquest mes de Mar\u00e7, a la classe Vikinga hem celebrat tres aniversaris, el d\u2019en Hasaan Ali, el de l\u2019Amalia i el de l\u2019Hargun, que ja han fet 6 anys!<br \/>\nBen engalanats amb la seva corona, van rebre moltes abra\u00e7ades despr\u00e9s de cantar la can\u00e7\u00f3 d\u2019aniversari.<br \/>\nEns van&hellip;  <a href=\"https:\/\/agora.xtec.cat\/ceip-jruyra-l-h\/infantil\/i5\/i5b-classe-vikinga-aniversaris-de-marc\/\" title=\"Read I5B Classe Vikinga: Aniversaris de Mar\u00e7\">Llegeix m\u00e9s\u00bb<\/a><\/p>\n","protected":false},"author":37,"featured_media":15378,"comment_status":"open","ping_status":"closed","sticky":false,"template":"","format":"standard","meta":{"_bbp_topic_count":0,"_bbp_reply_count":0,"_bbp_total_topic_count":0,"_bbp_total_reply_count":0,"_bbp_voice_count":0,"_bbp_anonymous_reply_count":0,"_bbp_topic_count_hidden":0,"_bbp_reply_count_hidden":0,"_bbp_forum_subforum_count":0,"footnotes":""},"categories":[9],"tags":[],"class_list":["post-15377","post","type-post","status-publish","format-standard","has-post-thumbnail","hentry","category-i5"],"post_mailing_queue_ids":[],"_links":{"self":[{"href":"https:\/\/agora.xtec.cat\/ceip-jruyra-l-h\/wp-json\/wp\/v2\/posts\/15377","targetHints":{"allow":["GET"]}}],"collection":[{"href":"https:\/\/agora.xtec.cat\/ceip-jruyra-l-h\/wp-json\/wp\/v2\/posts"}],"about":[{"href":"https:\/\/agora.xtec.cat\/ceip-jruyra-l-h\/wp-json\/wp\/v2\/types\/post"}],"author":[{"embeddable":true,"href":"https:\/\/agora.xtec.cat\/ceip-jruyra-l-h\/wp-json\/wp\/v2\/users\/37"}],"replies":[{"embeddable":true,"href":"https:\/\/agora.xtec.cat\/ceip-jruyra-l-h\/wp-json\/wp\/v2\/comments?post=15377"}],"version-history":[{"count":1,"href":"https:\/\/agora.xtec.cat\/ceip-jruyra-l-h\/wp-json\/wp\/v2\/posts\/15377\/revisions"}],"predecessor-version":[{"id":15379,"href":"https:\/\/agora.xtec.cat\/ceip-jruyra-l-h\/wp-json\/wp\/v2\/posts\/15377\/revisions\/15379"}],"wp:featuredmedia":[{"embeddable":true,"href":"https:\/\/agora.xtec.cat\/ceip-jruyra-l-h\/wp-json\/wp\/v2\/media\/15378"}],"wp:attachment":[{"href":"https:\/\/agora.xtec.cat\/ceip-jruyra-l-h\/wp-json\/wp\/v2\/media?parent=15377"}],"wp:term":[{"taxonomy":"category","embeddable":true,"href":"https:\/\/agora.xtec.cat\/ceip-jruyra-l-h\/wp-json\/wp\/v2\/categories?post=15377"},{"taxonomy":"post_tag","embeddable":true,"href":"https:\/\/agora.xtec.cat\/ceip-jruyra-l-h\/wp-json\/wp\/v2\/tags?post=15377"}],"curies":[{"name":"wp","href":"https:\/\/api.w.org\/{rel}","templated":true}]}}