{"id":15329,"date":"2024-03-29T17:35:36","date_gmt":"2024-03-29T16:35:36","guid":{"rendered":"https:\/\/agora.xtec.cat\/ceip-jruyra-l-h\/?p=15329"},"modified":"2024-03-26T17:37:08","modified_gmt":"2024-03-26T16:37:08","slug":"a-3r-anem-al-cosmocaixa","status":"publish","type":"post","link":"https:\/\/agora.xtec.cat\/ceip-jruyra-l-h\/primaria\/3r\/a-3r-anem-al-cosmocaixa\/","title":{"rendered":"A 3R ANEM AL COSMOCAIXA"},"content":{"rendered":"<p><span style=\"font-weight: 400;\">Hola fam\u00edlies!<\/span><\/p>\n<p><span style=\"font-weight: 400;\">El passat dia 12 de mar\u00e7 els nens i nenes de 3r vam anar al Cosmocaixa.<\/span><\/p>\n<p><span style=\"font-weight: 400;\">Va ser molt interessant. Vam visitar el museu i al Planetari. All\u00e0 ens van explicar les estrelles, les constel\u00b7lacions, els planetes del sistema solar. Algunes coses ja les sab\u00edem perqu\u00e8 les hav\u00edem treballar al\u2019escola.\u00a0\u00a0<\/span><\/p>\n<p><span style=\"font-weight: 400;\">Tamb\u00e9 vam fer dues activitats amb un monitora molt simp\u00e0tica: L&#8217;Univers i Els Dinosaures.\u00a0 En sabia molt!\u00a0 Va ser\u00a0 genial.\u00a0 <\/span><span style=\"font-weight: 400;\">Per acabar el d\u00eda, dinar i JUGAR!!!.<\/span><\/p>\n<p><span style=\"font-weight: 400;\">Vam aprendre i en ho vam passar molt b\u00e9.<\/span><\/p>\n<p><a href=\"https:\/\/drive.google.com\/drive\/folders\/1xATymLSN7SODyZsCy-NP2yATLdVJrKq2?usp=drive_link\"><span style=\"font-weight: 400;\">Podeu veure algunes fotografies aqu\u00ed.<\/span><\/a><\/p>\n","protected":false},"excerpt":{"rendered":"<p>Hola fam\u00edlies!<br \/>\nEl passat dia 12 de mar\u00e7 els nens i nenes de 3r vam anar al Cosmocaixa.<br \/>\nVa ser molt interessant. Vam visitar el museu i al Planetari. All\u00e0 ens van explicar les estrelles, les constel\u00b7lacions, els planetes del sistema solar. Algunes coses ja les sab\u00edem&hellip;  <a href=\"https:\/\/agora.xtec.cat\/ceip-jruyra-l-h\/primaria\/3r\/a-3r-anem-al-cosmocaixa\/\" title=\"Read A 3R ANEM AL COSMOCAIXA\">Llegeix m\u00e9s\u00bb<\/a><\/p>\n","protected":false},"author":7,"featured_media":15337,"comment_status":"open","ping_status":"closed","sticky":false,"template":"","format":"standard","meta":{"_bbp_topic_count":0,"_bbp_reply_count":0,"_bbp_total_topic_count":0,"_bbp_total_reply_count":0,"_bbp_voice_count":0,"_bbp_anonymous_reply_count":0,"_bbp_topic_count_hidden":0,"_bbp_reply_count_hidden":0,"_bbp_forum_subforum_count":0,"footnotes":""},"categories":[12],"tags":[],"class_list":["post-15329","post","type-post","status-publish","format-standard","has-post-thumbnail","hentry","category-3r"],"post_mailing_queue_ids":[],"_links":{"self":[{"href":"https:\/\/agora.xtec.cat\/ceip-jruyra-l-h\/wp-json\/wp\/v2\/posts\/15329","targetHints":{"allow":["GET"]}}],"collection":[{"href":"https:\/\/agora.xtec.cat\/ceip-jruyra-l-h\/wp-json\/wp\/v2\/posts"}],"about":[{"href":"https:\/\/agora.xtec.cat\/ceip-jruyra-l-h\/wp-json\/wp\/v2\/types\/post"}],"author":[{"embeddable":true,"href":"https:\/\/agora.xtec.cat\/ceip-jruyra-l-h\/wp-json\/wp\/v2\/users\/7"}],"replies":[{"embeddable":true,"href":"https:\/\/agora.xtec.cat\/ceip-jruyra-l-h\/wp-json\/wp\/v2\/comments?post=15329"}],"version-history":[{"count":3,"href":"https:\/\/agora.xtec.cat\/ceip-jruyra-l-h\/wp-json\/wp\/v2\/posts\/15329\/revisions"}],"predecessor-version":[{"id":15338,"href":"https:\/\/agora.xtec.cat\/ceip-jruyra-l-h\/wp-json\/wp\/v2\/posts\/15329\/revisions\/15338"}],"wp:featuredmedia":[{"embeddable":true,"href":"https:\/\/agora.xtec.cat\/ceip-jruyra-l-h\/wp-json\/wp\/v2\/media\/15337"}],"wp:attachment":[{"href":"https:\/\/agora.xtec.cat\/ceip-jruyra-l-h\/wp-json\/wp\/v2\/media?parent=15329"}],"wp:term":[{"taxonomy":"category","embeddable":true,"href":"https:\/\/agora.xtec.cat\/ceip-jruyra-l-h\/wp-json\/wp\/v2\/categories?post=15329"},{"taxonomy":"post_tag","embeddable":true,"href":"https:\/\/agora.xtec.cat\/ceip-jruyra-l-h\/wp-json\/wp\/v2\/tags?post=15329"}],"curies":[{"name":"wp","href":"https:\/\/api.w.org\/{rel}","templated":true}]}}