{"id":15314,"date":"2024-03-21T21:52:58","date_gmt":"2024-03-21T20:52:58","guid":{"rendered":"https:\/\/agora.xtec.cat\/ceip-jruyra-l-h\/?p=15314"},"modified":"2024-03-21T21:52:58","modified_gmt":"2024-03-21T20:52:58","slug":"primera-sortida-de-i3a-a-la-biblioteca-tecla-sala","status":"publish","type":"post","link":"https:\/\/agora.xtec.cat\/ceip-jruyra-l-h\/infantil\/primera-sortida-de-i3a-a-la-biblioteca-tecla-sala\/","title":{"rendered":"PRIMERA SORTIDA DE I3A A LA BIBLIOTECA &#8220;TECLA SALA&#8221;"},"content":{"rendered":"<p>Benvolgudes, fam\u00edlies de Joaquim Ruyra!<br \/>\nAquest dimarts, 12 de mar\u00e7 del 2024, els nostres\u00a0<span class=\"hiddenSpellError\">I3A<\/span>\u00a0han sortit per primera vegada d&#8217;excursi\u00f3.<br \/>\nA on hem anat?<br \/>\nHem anat a la Biblioteca de Tecla Sala, hem anat caminant com nens i nenes grans, sense cap incid\u00e8ncia, sense cansar-nos.<br \/>\nHem escoltat contes, els hem mirat i hem gaudit molt d&#8217;aquesta activitat.<br \/>\nDespr\u00e9s hem esmorzat als voltants de la biblioteca i hem vingut a l&#8217;escola molt contents per haver sortit per primera vegada. Tots junts,<br \/>\nGr\u00e0cies per venir tots i totes.<\/p>\n<p>Aqu\u00ed us mostro l&#8217;enlla\u00e7 de les fotos que hem fet d&#8217;aquesta excursi\u00f3.<\/p>\n<p><a href=\"https:\/\/drive.google.com\/drive\/folders\/1kBS53YAUyojYvaLriD9ox627ocP0xvK8?usp=sharing\">https:\/\/drive.google.com\/drive\/folders\/1kBS53YAUyojYvaLriD9ox627ocP0xvK8?usp=sharing<\/a><\/p>\n","protected":false},"excerpt":{"rendered":"<p>BIBLIOTECA DE TECLA SALA&hellip;  <a href=\"https:\/\/agora.xtec.cat\/ceip-jruyra-l-h\/infantil\/primera-sortida-de-i3a-a-la-biblioteca-tecla-sala\/\" title=\"Read PRIMERA SORTIDA DE I3A A LA BIBLIOTECA &#8220;TECLA SALA&#8221;\">Llegeix m\u00e9s\u00bb<\/a><\/p>\n","protected":false},"author":1,"featured_media":15315,"comment_status":"open","ping_status":"closed","sticky":false,"template":"","format":"standard","meta":{"_bbp_topic_count":0,"_bbp_reply_count":0,"_bbp_total_topic_count":0,"_bbp_total_reply_count":0,"_bbp_voice_count":0,"_bbp_anonymous_reply_count":0,"_bbp_topic_count_hidden":0,"_bbp_reply_count_hidden":0,"_bbp_forum_subforum_count":0,"footnotes":""},"categories":[2,3],"tags":[],"class_list":["post-15314","post","type-post","status-publish","format-standard","has-post-thumbnail","hentry","category-infantil","category-i3"],"post_mailing_queue_ids":[],"_links":{"self":[{"href":"https:\/\/agora.xtec.cat\/ceip-jruyra-l-h\/wp-json\/wp\/v2\/posts\/15314","targetHints":{"allow":["GET"]}}],"collection":[{"href":"https:\/\/agora.xtec.cat\/ceip-jruyra-l-h\/wp-json\/wp\/v2\/posts"}],"about":[{"href":"https:\/\/agora.xtec.cat\/ceip-jruyra-l-h\/wp-json\/wp\/v2\/types\/post"}],"author":[{"embeddable":true,"href":"https:\/\/agora.xtec.cat\/ceip-jruyra-l-h\/wp-json\/wp\/v2\/users\/1"}],"replies":[{"embeddable":true,"href":"https:\/\/agora.xtec.cat\/ceip-jruyra-l-h\/wp-json\/wp\/v2\/comments?post=15314"}],"version-history":[{"count":1,"href":"https:\/\/agora.xtec.cat\/ceip-jruyra-l-h\/wp-json\/wp\/v2\/posts\/15314\/revisions"}],"predecessor-version":[{"id":15316,"href":"https:\/\/agora.xtec.cat\/ceip-jruyra-l-h\/wp-json\/wp\/v2\/posts\/15314\/revisions\/15316"}],"wp:featuredmedia":[{"embeddable":true,"href":"https:\/\/agora.xtec.cat\/ceip-jruyra-l-h\/wp-json\/wp\/v2\/media\/15315"}],"wp:attachment":[{"href":"https:\/\/agora.xtec.cat\/ceip-jruyra-l-h\/wp-json\/wp\/v2\/media?parent=15314"}],"wp:term":[{"taxonomy":"category","embeddable":true,"href":"https:\/\/agora.xtec.cat\/ceip-jruyra-l-h\/wp-json\/wp\/v2\/categories?post=15314"},{"taxonomy":"post_tag","embeddable":true,"href":"https:\/\/agora.xtec.cat\/ceip-jruyra-l-h\/wp-json\/wp\/v2\/tags?post=15314"}],"curies":[{"name":"wp","href":"https:\/\/api.w.org\/{rel}","templated":true}]}}