{"id":15241,"date":"2024-02-23T10:26:46","date_gmt":"2024-02-23T09:26:46","guid":{"rendered":"https:\/\/agora.xtec.cat\/ceip-jruyra-l-h\/?p=15241"},"modified":"2024-02-19T10:27:27","modified_gmt":"2024-02-19T09:27:27","slug":"hem-gaudit-del-carnaval-a-lescola","status":"publish","type":"post","link":"https:\/\/agora.xtec.cat\/ceip-jruyra-l-h\/infantil\/hem-gaudit-del-carnaval-a-lescola\/","title":{"rendered":"HEM GAUDIT DEL CARNAVAL A L&#8217;ESCOLA"},"content":{"rendered":"<p>Hem gaudit del Carnaval a la nostra escola. En Carnestoltes ens va enviar unes consignes i les hem obe\u00eft durant tota la setmana passada.<br \/>\nVen\u00edem amb pijama, alguna cosa divertida al cap, tot elegants, de persones grans, etc.<br \/>\nI per acabar la setmana ens van disfressar de mar, les FAM\u00cdLIES de L&#8217;AFA, ens van ajudar a fer la disfressa i nosaltres ens ho vam passar molt b\u00e9, ballant i escoltant m\u00fasica amb la vostra companyia.<br \/>\nEsperem que tothom s&#8217;ho hagi passat tan b\u00e9 com nosaltres, i a esperar el pr\u00f2xim Carnaval<br \/>\nAqu\u00ed envio algunes fotos d&#8217;aquesta setmana.<\/p>\n<p><a href=\"https:\/\/drive.google.com\/drive\/folders\/1S0ng050b2M00N_lUWELozLsibFVGnoO3?usp=sharing\">https:\/\/drive.google.com\/drive\/folders\/1S0ng050b2M00N_lUWELozLsibFVGnoO3?<\/a><\/p>\n<p><a href=\"https:\/\/drive.google.com\/drive\/folders\/1S0ng050b2M00N_lUWELozLsibFVGnoO3?usp=sharing\">usp=sharing<\/a><\/p>\n<p>Ara comen\u00e7a, la vella quaresma que com t\u00e9 moltes cames no pot caminar. Set cames t\u00e9 i cada divendres li treurem una perqu\u00e8 pugui caminar.<\/p>\n<p>I quan tingui dues o menys, arribar\u00e0 les vacances de Setmana \u00a8Santa i la Primavera.<\/p>\n<p>Fins aviat.<\/p>\n","protected":false},"excerpt":{"rendered":"<p>Carnaval arriba a l&#8217;escola.&hellip;  <a href=\"https:\/\/agora.xtec.cat\/ceip-jruyra-l-h\/infantil\/hem-gaudit-del-carnaval-a-lescola\/\" title=\"Read HEM GAUDIT DEL CARNAVAL A L&#8217;ESCOLA\">Llegeix m\u00e9s\u00bb<\/a><\/p>\n","protected":false},"author":1,"featured_media":15242,"comment_status":"open","ping_status":"closed","sticky":false,"template":"","format":"standard","meta":{"_bbp_topic_count":0,"_bbp_reply_count":0,"_bbp_total_topic_count":0,"_bbp_total_reply_count":0,"_bbp_voice_count":0,"_bbp_anonymous_reply_count":0,"_bbp_topic_count_hidden":0,"_bbp_reply_count_hidden":0,"_bbp_forum_subforum_count":0,"footnotes":""},"categories":[2,3],"tags":[],"class_list":["post-15241","post","type-post","status-publish","format-standard","has-post-thumbnail","hentry","category-infantil","category-i3"],"post_mailing_queue_ids":[],"_links":{"self":[{"href":"https:\/\/agora.xtec.cat\/ceip-jruyra-l-h\/wp-json\/wp\/v2\/posts\/15241","targetHints":{"allow":["GET"]}}],"collection":[{"href":"https:\/\/agora.xtec.cat\/ceip-jruyra-l-h\/wp-json\/wp\/v2\/posts"}],"about":[{"href":"https:\/\/agora.xtec.cat\/ceip-jruyra-l-h\/wp-json\/wp\/v2\/types\/post"}],"author":[{"embeddable":true,"href":"https:\/\/agora.xtec.cat\/ceip-jruyra-l-h\/wp-json\/wp\/v2\/users\/1"}],"replies":[{"embeddable":true,"href":"https:\/\/agora.xtec.cat\/ceip-jruyra-l-h\/wp-json\/wp\/v2\/comments?post=15241"}],"version-history":[{"count":2,"href":"https:\/\/agora.xtec.cat\/ceip-jruyra-l-h\/wp-json\/wp\/v2\/posts\/15241\/revisions"}],"predecessor-version":[{"id":15244,"href":"https:\/\/agora.xtec.cat\/ceip-jruyra-l-h\/wp-json\/wp\/v2\/posts\/15241\/revisions\/15244"}],"wp:featuredmedia":[{"embeddable":true,"href":"https:\/\/agora.xtec.cat\/ceip-jruyra-l-h\/wp-json\/wp\/v2\/media\/15242"}],"wp:attachment":[{"href":"https:\/\/agora.xtec.cat\/ceip-jruyra-l-h\/wp-json\/wp\/v2\/media?parent=15241"}],"wp:term":[{"taxonomy":"category","embeddable":true,"href":"https:\/\/agora.xtec.cat\/ceip-jruyra-l-h\/wp-json\/wp\/v2\/categories?post=15241"},{"taxonomy":"post_tag","embeddable":true,"href":"https:\/\/agora.xtec.cat\/ceip-jruyra-l-h\/wp-json\/wp\/v2\/tags?post=15241"}],"curies":[{"name":"wp","href":"https:\/\/api.w.org\/{rel}","templated":true}]}}