{"id":15238,"date":"2024-03-03T10:26:04","date_gmt":"2024-03-03T09:26:04","guid":{"rendered":"https:\/\/agora.xtec.cat\/ceip-jruyra-l-h\/?p=15238"},"modified":"2025-02-16T12:21:50","modified_gmt":"2025-02-16T11:21:50","slug":"a-i3a-ja-han-comencat-els-grups-interactius-perque-ja-som-grans","status":"publish","type":"post","link":"https:\/\/agora.xtec.cat\/ceip-jruyra-l-h\/general\/a-i3a-ja-han-comencat-els-grups-interactius-perque-ja-som-grans\/","title":{"rendered":"A I3A JA HAN COMEN\u00c7AT ELS GRUPS INTERACTIUS PERQU\u00c8 JA SOM GRANS"},"content":{"rendered":"<p>Hola, Fam\u00edlies!<br \/>\nCom us vaig anunciar pel TELEGRAM, a la classe de les Estrelles ja han comen\u00e7at els grups interactius amb la participaci\u00f3 de les fam\u00edlies.<br \/>\nCom ja sabeu la nostra escola Joaquim Ruyra, \u00e9s una comunitat d&#8217;aprenentatge, i unes de les activitats m\u00e9s conegudes i important que realitzem en tota l&#8217;etapa de prim\u00e0ria i, fins i tot, d&#8217;infantil s\u00f3n els grups interactius.<br \/>\nAquesta iniciativa consisteix a agrupar tots els alumnes d&#8217;una aula en subgrups heterogenis de quatre o cinc, en els quals s&#8217;incorpora una persona adulta de l&#8217;escola o de la comunitat (pares, mares, familiars, ve\u00efns i voluntaris) que prepara tantes activitats com grups hi ha (normalment quatre). A m\u00e9s, els grups canvien d&#8217;activitat cada 15 o 20 minuts a prim\u00e0ria, nosaltres els de I3 duran com a molt 10 minuts, de vegades menys. Promovent la interacci\u00f3 per mitj\u00e0 d&#8217;un di\u00e0leg igualitari per resoldre tasques.<\/p>\n<p>Si voleu saber com treballem i com treballa el vostre fill o filla, podeu avisar-me i concretem dia<br \/>\nEls dies que ho fem s\u00f3n <strong>els dijous i divendres despr\u00e9s del pati. Al voltant de les 11.45 a 12,45.<\/strong><br \/>\nEns agradaria que tots pogu\u00e9ssiu veure com ho fem.<\/p>\n<p>Hem tingut ja la participaci\u00f3 d&#8217;una mare, que ja tenia una mica d&#8217;experi\u00e8ncia, perqu\u00e8 ho ha fet alguna vegada amb el seu fill gran.<br \/>\nVa col\u00b7laborar i aqu\u00ed teniu les fotos d&#8217;aquesta activitat.<\/p>\n<p><a href=\"https:\/\/drive.google.com\/drive\/folders\/16f2XJxOyHxAWgncccmVuQMXln6q6Jf9n?usp=sharing\">https:\/\/drive.google.com\/drive\/folders\/16f2XJxOyHxAWgncccmVuQMXln6q6Jf9n?usp=sharing<\/a><\/p>\n<p>&nbsp;<\/p>\n<p>Aquell dia vam fer: Un grup va fer amb la col\u00b7laboraci\u00f3 d&#8217;Aitana, l&#8217;alumne de pr\u00e0ctiques, animals, amb plastilina. Un altre grup amb el mestre d&#8217;Infantil, Salva, el projecte del nom, enganxar gomets de cercles grocs en la nostra primera lletra del nostre nom. Carolina, mama de Noa, va fer, dintre d&#8217;un quadrat gran, enganxar gomets en forma de quadrats de diferents colors (fitxa de llibre) i jo faig fer el n\u00famero 2 (fitxa del llibre, treballant la quantitat, que pr\u00e8viament ja ho havien practicat).<br \/>\nAix\u00ed s\u00f3n els grups interactius de I3, activitats adaptades a la seva edat, al seu ritme d&#8217;aprenentatges tenint present que no han de ser molt llargues, perqu\u00e8 en una sessi\u00f3 han de passar tots els alumnes.<\/p>\n<p>UN GRAN REPTE, animeu-vos.<\/p>\n","protected":false},"excerpt":{"rendered":"<p>INICI DELS GRUPS INTERACTIUS A I3A&hellip;  <a href=\"https:\/\/agora.xtec.cat\/ceip-jruyra-l-h\/general\/a-i3a-ja-han-comencat-els-grups-interactius-perque-ja-som-grans\/\" title=\"Read A I3A JA HAN COMEN\u00c7AT ELS GRUPS INTERACTIUS PERQU\u00c8 JA SOM GRANS\">Llegeix m\u00e9s\u00bb<\/a><\/p>\n","protected":false},"author":1,"featured_media":15239,"comment_status":"open","ping_status":"closed","sticky":false,"template":"","format":"standard","meta":{"_bbp_topic_count":0,"_bbp_reply_count":0,"_bbp_total_topic_count":0,"_bbp_total_reply_count":0,"_bbp_voice_count":0,"_bbp_anonymous_reply_count":0,"_bbp_topic_count_hidden":0,"_bbp_reply_count_hidden":0,"_bbp_forum_subforum_count":0,"footnotes":""},"categories":[60,1,2,3,4],"tags":[71,83,64],"class_list":["post-15238","post","type-post","status-publish","format-standard","has-post-thumbnail","hentry","category-cdaxarxa","category-general","category-infantil","category-i3","category-portada","tag-actuacions-educatives-dexit","tag-comunitats-daprenentatge","tag-grups-interactius"],"post_mailing_queue_ids":[],"_links":{"self":[{"href":"https:\/\/agora.xtec.cat\/ceip-jruyra-l-h\/wp-json\/wp\/v2\/posts\/15238","targetHints":{"allow":["GET"]}}],"collection":[{"href":"https:\/\/agora.xtec.cat\/ceip-jruyra-l-h\/wp-json\/wp\/v2\/posts"}],"about":[{"href":"https:\/\/agora.xtec.cat\/ceip-jruyra-l-h\/wp-json\/wp\/v2\/types\/post"}],"author":[{"embeddable":true,"href":"https:\/\/agora.xtec.cat\/ceip-jruyra-l-h\/wp-json\/wp\/v2\/users\/1"}],"replies":[{"embeddable":true,"href":"https:\/\/agora.xtec.cat\/ceip-jruyra-l-h\/wp-json\/wp\/v2\/comments?post=15238"}],"version-history":[{"count":2,"href":"https:\/\/agora.xtec.cat\/ceip-jruyra-l-h\/wp-json\/wp\/v2\/posts\/15238\/revisions"}],"predecessor-version":[{"id":15247,"href":"https:\/\/agora.xtec.cat\/ceip-jruyra-l-h\/wp-json\/wp\/v2\/posts\/15238\/revisions\/15247"}],"wp:featuredmedia":[{"embeddable":true,"href":"https:\/\/agora.xtec.cat\/ceip-jruyra-l-h\/wp-json\/wp\/v2\/media\/15239"}],"wp:attachment":[{"href":"https:\/\/agora.xtec.cat\/ceip-jruyra-l-h\/wp-json\/wp\/v2\/media?parent=15238"}],"wp:term":[{"taxonomy":"category","embeddable":true,"href":"https:\/\/agora.xtec.cat\/ceip-jruyra-l-h\/wp-json\/wp\/v2\/categories?post=15238"},{"taxonomy":"post_tag","embeddable":true,"href":"https:\/\/agora.xtec.cat\/ceip-jruyra-l-h\/wp-json\/wp\/v2\/tags?post=15238"}],"curies":[{"name":"wp","href":"https:\/\/api.w.org\/{rel}","templated":true}]}}