{"id":15236,"date":"2024-02-22T10:25:32","date_gmt":"2024-02-22T09:25:32","guid":{"rendered":"https:\/\/agora.xtec.cat\/ceip-jruyra-l-h\/?p=15236"},"modified":"2024-02-19T10:25:38","modified_gmt":"2024-02-19T09:25:38","slug":"les-nostres-aventures-del-cap-de-setmana-de-i3a","status":"publish","type":"post","link":"https:\/\/agora.xtec.cat\/ceip-jruyra-l-h\/infantil\/les-nostres-aventures-del-cap-de-setmana-de-i3a\/","title":{"rendered":"LES NOSTRES AVENTURES DEL CAP DE SETMANA ,de I3A"},"content":{"rendered":"<p>Hola, fam\u00edlies<br \/>\nHem recollit les aventures de dos companys de la classe de les Estrelles.<br \/>\nEns han explicat el que han fet amb la seva fam\u00edlia i amics.<br \/>\nDe vegades, ens resulta una mica dif\u00edcil explicar davant de tothom el que volem expressar, per aix\u00f2 aquesta activitat \u00e9s molt positiva. Per comen\u00e7ar a perdre la timidesa i fer pr\u00e0ctiques de parlar en p\u00fablic.<br \/>\nSense la vostra participaci\u00f3, aquesta activitat no seria possible.<br \/>\nGr\u00e0cies, fam\u00edlia.<br \/>\nUs passo l&#8217;enlla\u00e7 del cap de setmana de la J\u00falia i de l&#8217;Antonio, o de l&#8217;Antonio i la J\u00falia.<\/p>\n<p>El cap de setmana de la J\u00falia<\/p>\n<p><a href=\"https:\/\/drive.google.com\/drive\/folders\/1RFlLvaRUpyNP6G0l1sPS38N1eQKDdx4H?usp=sharing\">https:\/\/drive.google.com\/drive\/folders\/1RFlLvaRUpyNP6G0l1sPS38N1eQKDdx4H?usp=sharing<\/a><\/p>\n<p>El cap de setmana de l&#8217;Antonio<\/p>\n<p><a href=\"https:\/\/drive.google.com\/drive\/folders\/1O5aFDMPao2OzGsJeNIt9CnsU0JYrcC9t?usp=sharing\">https:\/\/drive.google.com\/drive\/folders\/1O5aFDMPao2OzGsJeNIt9CnsU0JYrcC9t?usp=sharing<\/a><\/p>\n<p>Us tornarem a demanar la vostra participaci\u00f3 i col\u00b7laboraci\u00f3 per fer a aquesta activitat.<br \/>\nGr\u00e0cies per implicar-vos.<\/p>\n<p>Fins aviat<\/p>\n","protected":false},"excerpt":{"rendered":"<p>El cap de setmana &hellip;  <a href=\"https:\/\/agora.xtec.cat\/ceip-jruyra-l-h\/infantil\/les-nostres-aventures-del-cap-de-setmana-de-i3a\/\" title=\"Read LES NOSTRES AVENTURES DEL CAP DE SETMANA ,de I3A\">Llegeix m\u00e9s\u00bb<\/a><\/p>\n","protected":false},"author":1,"featured_media":0,"comment_status":"open","ping_status":"closed","sticky":false,"template":"","format":"standard","meta":{"_bbp_topic_count":0,"_bbp_reply_count":0,"_bbp_total_topic_count":0,"_bbp_total_reply_count":0,"_bbp_voice_count":0,"_bbp_anonymous_reply_count":0,"_bbp_topic_count_hidden":0,"_bbp_reply_count_hidden":0,"_bbp_forum_subforum_count":0,"footnotes":""},"categories":[2,3],"tags":[],"class_list":["post-15236","post","type-post","status-publish","format-standard","hentry","category-infantil","category-i3"],"post_mailing_queue_ids":[],"_links":{"self":[{"href":"https:\/\/agora.xtec.cat\/ceip-jruyra-l-h\/wp-json\/wp\/v2\/posts\/15236","targetHints":{"allow":["GET"]}}],"collection":[{"href":"https:\/\/agora.xtec.cat\/ceip-jruyra-l-h\/wp-json\/wp\/v2\/posts"}],"about":[{"href":"https:\/\/agora.xtec.cat\/ceip-jruyra-l-h\/wp-json\/wp\/v2\/types\/post"}],"author":[{"embeddable":true,"href":"https:\/\/agora.xtec.cat\/ceip-jruyra-l-h\/wp-json\/wp\/v2\/users\/1"}],"replies":[{"embeddable":true,"href":"https:\/\/agora.xtec.cat\/ceip-jruyra-l-h\/wp-json\/wp\/v2\/comments?post=15236"}],"version-history":[{"count":1,"href":"https:\/\/agora.xtec.cat\/ceip-jruyra-l-h\/wp-json\/wp\/v2\/posts\/15236\/revisions"}],"predecessor-version":[{"id":15237,"href":"https:\/\/agora.xtec.cat\/ceip-jruyra-l-h\/wp-json\/wp\/v2\/posts\/15236\/revisions\/15237"}],"wp:attachment":[{"href":"https:\/\/agora.xtec.cat\/ceip-jruyra-l-h\/wp-json\/wp\/v2\/media?parent=15236"}],"wp:term":[{"taxonomy":"category","embeddable":true,"href":"https:\/\/agora.xtec.cat\/ceip-jruyra-l-h\/wp-json\/wp\/v2\/categories?post=15236"},{"taxonomy":"post_tag","embeddable":true,"href":"https:\/\/agora.xtec.cat\/ceip-jruyra-l-h\/wp-json\/wp\/v2\/tags?post=15236"}],"curies":[{"name":"wp","href":"https:\/\/api.w.org\/{rel}","templated":true}]}}