{"id":15214,"date":"2024-02-15T09:38:19","date_gmt":"2024-02-15T08:38:19","guid":{"rendered":"https:\/\/agora.xtec.cat\/ceip-jruyra-l-h\/?p=15214"},"modified":"2024-02-14T15:38:38","modified_gmt":"2024-02-14T14:38:38","slug":"i5b-classe-vikinga-arriba-el-carnaval","status":"publish","type":"post","link":"https:\/\/agora.xtec.cat\/ceip-jruyra-l-h\/infantil\/i5\/i5b-classe-vikinga-arriba-el-carnaval\/","title":{"rendered":"I5B Classe Vikinga: Arriba el Carnaval!"},"content":{"rendered":"<p><img loading=\"lazy\" decoding=\"async\" class=\"alignnone size-full wp-image-15216\" src=\"https:\/\/agora.xtec.cat\/ceip-jruyra-l-h\/wp-content\/uploads\/usu2049\/2024\/02\/mascaras-carnaval-sobre-fondo-morado-ilustracion-multicolor-mardi-gras-ilustracion-3d-ai-generativa_187882-3447.jpg\" alt=\"\" width=\"313\" height=\"209\" srcset=\"https:\/\/agora.xtec.cat\/ceip-jruyra-l-h\/wp-content\/uploads\/usu2049\/2024\/02\/mascaras-carnaval-sobre-fondo-morado-ilustracion-multicolor-mardi-gras-ilustracion-3d-ai-generativa_187882-3447.jpg 313w, https:\/\/agora.xtec.cat\/ceip-jruyra-l-h\/wp-content\/uploads\/usu2049\/2024\/02\/mascaras-carnaval-sobre-fondo-morado-ilustracion-multicolor-mardi-gras-ilustracion-3d-ai-generativa_187882-3447-300x200.jpg 300w\" sizes=\"auto, (max-width: 313px) 100vw, 313px\" \/><\/p>\n<p>Arriba a l\u2019escola una de les festes m\u00e9s esperades pels infants: el Carnaval!<\/p>\n<p>El Rei Carnestoltes ens va portar les consignes per a tota la setmana de Carnaval i tothom les ha seguit a la perfecci\u00f3 cada dia!!.<\/p>\n<p>A m\u00e9s, hem elaborat unes disfresses ben boniques de cavallets de mar ja que l\u2019eix transversal d\u2019aquest curs a l\u2019escola \u00e9s el Mar. Aquestes disfresses les hem llu\u00eft a la Rua de Carnaval amb les fam\u00edlies per acabar de celebrar aquesta setmana tan divertida.<\/p>\n<p>Per poder veure totes les imatges, cliqueu en els seg\u00fcents enlla\u00e7os:<\/p>\n<p>Dia 1 en pijama:\u00a0<a href=\"https:\/\/drive.google.com\/drive\/folders\/1fSEIevooJodvrqfOqka-bTBMOEazVsuQ?usp=sharing\">https:\/\/drive.google.com\/drive\/folders\/1fSEIevooJodvrqfOqka-bTBMOEazVsuQ?usp=sharing<\/a><\/p>\n<p>Dia 2 amb cabells bojos:\u00a0<a href=\"https:\/\/drive.google.com\/drive\/folders\/1vGCVtXwSKvzSEd6MwC-aqoTe30s46sI9?usp=sharing\">https:\/\/drive.google.com\/drive\/folders\/1vGCVtXwSKvzSEd6MwC-aqoTe30s46sI9?usp=sharing<\/a><\/p>\n<p>Dia 3 ben elegants:\u00a0<a href=\"https:\/\/drive.google.com\/drive\/folders\/1SBomxXU6vMnSzsGRyukrsJAW67blpXqC?usp=sharing\">https:\/\/drive.google.com\/drive\/folders\/1SBomxXU6vMnSzsGRyukrsJAW67blpXqC?usp=sharing<\/a><\/p>\n<p>Dia 4 amb roba d\u2019adults:\u00a0<a href=\"https:\/\/drive.google.com\/drive\/folders\/1QNe8KDV9j0te1DwxpQAZk8MSlJYQaZT8?usp=sharing\">https:\/\/drive.google.com\/drive\/folders\/1QNe8KDV9j0te1DwxpQAZk8MSlJYQaZT8?usp=sharing<\/a><\/p>\n<p>Dia 5: Rua de Carnaval:\u00a0<a href=\"https:\/\/drive.google.com\/drive\/folders\/1uT4K84OMBB5rrr5ITVsc272b4BAFEwPE?usp=sharing\">https:\/\/drive.google.com\/drive\/folders\/1uT4K84OMBB5rrr5ITVsc272b4BAFEwPE?usp=sharing<\/a><\/p>\n","protected":false},"excerpt":{"rendered":"<p>Arriba a l\u2019escola una de les festes m\u00e9s esperades pels infants: el Carnaval!<br \/>\nEl Rei Carnestoltes ens va portar les consignes per a tota la setmana de Carnaval i tothom les ha seguit a la perfecci\u00f3 cada dia!!.<br \/>\nA m\u00e9s, hem elaborat unes disfresses ben boniques de&hellip;  <a href=\"https:\/\/agora.xtec.cat\/ceip-jruyra-l-h\/infantil\/i5\/i5b-classe-vikinga-arriba-el-carnaval\/\" title=\"Read I5B Classe Vikinga: Arriba el Carnaval!\">Llegeix m\u00e9s\u00bb<\/a><\/p>\n","protected":false},"author":37,"featured_media":15216,"comment_status":"open","ping_status":"closed","sticky":false,"template":"","format":"standard","meta":{"_bbp_topic_count":0,"_bbp_reply_count":0,"_bbp_total_topic_count":0,"_bbp_total_reply_count":0,"_bbp_voice_count":0,"_bbp_anonymous_reply_count":0,"_bbp_topic_count_hidden":0,"_bbp_reply_count_hidden":0,"_bbp_forum_subforum_count":0,"footnotes":""},"categories":[9],"tags":[],"class_list":["post-15214","post","type-post","status-publish","format-standard","has-post-thumbnail","hentry","category-i5"],"post_mailing_queue_ids":[],"_links":{"self":[{"href":"https:\/\/agora.xtec.cat\/ceip-jruyra-l-h\/wp-json\/wp\/v2\/posts\/15214","targetHints":{"allow":["GET"]}}],"collection":[{"href":"https:\/\/agora.xtec.cat\/ceip-jruyra-l-h\/wp-json\/wp\/v2\/posts"}],"about":[{"href":"https:\/\/agora.xtec.cat\/ceip-jruyra-l-h\/wp-json\/wp\/v2\/types\/post"}],"author":[{"embeddable":true,"href":"https:\/\/agora.xtec.cat\/ceip-jruyra-l-h\/wp-json\/wp\/v2\/users\/37"}],"replies":[{"embeddable":true,"href":"https:\/\/agora.xtec.cat\/ceip-jruyra-l-h\/wp-json\/wp\/v2\/comments?post=15214"}],"version-history":[{"count":1,"href":"https:\/\/agora.xtec.cat\/ceip-jruyra-l-h\/wp-json\/wp\/v2\/posts\/15214\/revisions"}],"predecessor-version":[{"id":15217,"href":"https:\/\/agora.xtec.cat\/ceip-jruyra-l-h\/wp-json\/wp\/v2\/posts\/15214\/revisions\/15217"}],"wp:featuredmedia":[{"embeddable":true,"href":"https:\/\/agora.xtec.cat\/ceip-jruyra-l-h\/wp-json\/wp\/v2\/media\/15216"}],"wp:attachment":[{"href":"https:\/\/agora.xtec.cat\/ceip-jruyra-l-h\/wp-json\/wp\/v2\/media?parent=15214"}],"wp:term":[{"taxonomy":"category","embeddable":true,"href":"https:\/\/agora.xtec.cat\/ceip-jruyra-l-h\/wp-json\/wp\/v2\/categories?post=15214"},{"taxonomy":"post_tag","embeddable":true,"href":"https:\/\/agora.xtec.cat\/ceip-jruyra-l-h\/wp-json\/wp\/v2\/tags?post=15214"}],"curies":[{"name":"wp","href":"https:\/\/api.w.org\/{rel}","templated":true}]}}