{"id":15211,"date":"2024-02-14T15:38:12","date_gmt":"2024-02-14T14:38:12","guid":{"rendered":"https:\/\/agora.xtec.cat\/ceip-jruyra-l-h\/?p=15211"},"modified":"2024-02-14T15:38:12","modified_gmt":"2024-02-14T14:38:12","slug":"i5b-classe-vikinga-aniversaris-de-gener","status":"publish","type":"post","link":"https:\/\/agora.xtec.cat\/ceip-jruyra-l-h\/infantil\/i5\/i5b-classe-vikinga-aniversaris-de-gener\/","title":{"rendered":"I5B Classe Vikinga: Aniversaris de Gener"},"content":{"rendered":"<p><img loading=\"lazy\" decoding=\"async\" class=\"alignnone size-large wp-image-15212\" src=\"https:\/\/agora.xtec.cat\/ceip-jruyra-l-h\/wp-content\/uploads\/usu2049\/2024\/02\/20240126_151948-576x768.jpg\" alt=\"\" width=\"576\" height=\"768\" srcset=\"https:\/\/agora.xtec.cat\/ceip-jruyra-l-h\/wp-content\/uploads\/usu2049\/2024\/02\/20240126_151948-576x768.jpg 576w, https:\/\/agora.xtec.cat\/ceip-jruyra-l-h\/wp-content\/uploads\/usu2049\/2024\/02\/20240126_151948-225x300.jpg 225w, https:\/\/agora.xtec.cat\/ceip-jruyra-l-h\/wp-content\/uploads\/usu2049\/2024\/02\/20240126_151948-768x1024.jpg 768w, https:\/\/agora.xtec.cat\/ceip-jruyra-l-h\/wp-content\/uploads\/usu2049\/2024\/02\/20240126_151948-1152x1536.jpg 1152w, https:\/\/agora.xtec.cat\/ceip-jruyra-l-h\/wp-content\/uploads\/usu2049\/2024\/02\/20240126_151948-1536x2048.jpg 1536w, https:\/\/agora.xtec.cat\/ceip-jruyra-l-h\/wp-content\/uploads\/usu2049\/2024\/02\/20240126_151948.jpg 1734w\" sizes=\"auto, (max-width: 576px) 100vw, 576px\" \/><\/p>\n<p>Al mes de gener van fer anys en Lucas i en Rayan, els primers de la classe vikinga en fer 6 anys!!<\/p>\n<p>Van rebre la seva corona i entre tots i totes els vam cantar la can\u00e7\u00f3 d\u2019aniversari, els vam donar molt bons desitjos i els vam fer moltes abra\u00e7ades. Despr\u00e9s en Lucas i en Rayan ens van compartir un berenar ben dol\u00e7 que vam gaudir molt i finalment es va obrir la pista de ball on tothom es va llen\u00e7ar a moure l\u2019esquelet, passant una tarda d\u2019all\u00f2 m\u00e9s divertida plena de balls, riures i bons moments entre amics i amigues.<\/p>\n<p>Podeu veure les imatges i v\u00eddeos d\u2019aquesta festa clicant en el seg\u00fcent enlla\u00e7:\u00a0<a href=\"https:\/\/drive.google.com\/drive\/folders\/1N2uXaw4xN_DTUOFfaDV7McmZOROWI8kz?usp=sharing\">https:\/\/drive.google.com\/drive\/folders\/1N2uXaw4xN_DTUOFfaDV7McmZOROWI8kz?usp=sharing<\/a><\/p>\n","protected":false},"excerpt":{"rendered":"<p>Al mes de gener van fer anys en Lucas i en Rayan, els primers de la classe vikinga en fer 6 anys!!<br \/>\nVan rebre la seva corona i entre tots i totes els vam cantar la can\u00e7\u00f3 d\u2019aniversari, els vam donar molt bons desitjos i els&hellip;  <a href=\"https:\/\/agora.xtec.cat\/ceip-jruyra-l-h\/infantil\/i5\/i5b-classe-vikinga-aniversaris-de-gener\/\" title=\"Read I5B Classe Vikinga: Aniversaris de Gener\">Llegeix m\u00e9s\u00bb<\/a><\/p>\n","protected":false},"author":37,"featured_media":15212,"comment_status":"open","ping_status":"closed","sticky":false,"template":"","format":"standard","meta":{"_bbp_topic_count":0,"_bbp_reply_count":0,"_bbp_total_topic_count":0,"_bbp_total_reply_count":0,"_bbp_voice_count":0,"_bbp_anonymous_reply_count":0,"_bbp_topic_count_hidden":0,"_bbp_reply_count_hidden":0,"_bbp_forum_subforum_count":0,"footnotes":""},"categories":[9],"tags":[],"class_list":["post-15211","post","type-post","status-publish","format-standard","has-post-thumbnail","hentry","category-i5"],"post_mailing_queue_ids":[],"_links":{"self":[{"href":"https:\/\/agora.xtec.cat\/ceip-jruyra-l-h\/wp-json\/wp\/v2\/posts\/15211","targetHints":{"allow":["GET"]}}],"collection":[{"href":"https:\/\/agora.xtec.cat\/ceip-jruyra-l-h\/wp-json\/wp\/v2\/posts"}],"about":[{"href":"https:\/\/agora.xtec.cat\/ceip-jruyra-l-h\/wp-json\/wp\/v2\/types\/post"}],"author":[{"embeddable":true,"href":"https:\/\/agora.xtec.cat\/ceip-jruyra-l-h\/wp-json\/wp\/v2\/users\/37"}],"replies":[{"embeddable":true,"href":"https:\/\/agora.xtec.cat\/ceip-jruyra-l-h\/wp-json\/wp\/v2\/comments?post=15211"}],"version-history":[{"count":1,"href":"https:\/\/agora.xtec.cat\/ceip-jruyra-l-h\/wp-json\/wp\/v2\/posts\/15211\/revisions"}],"predecessor-version":[{"id":15213,"href":"https:\/\/agora.xtec.cat\/ceip-jruyra-l-h\/wp-json\/wp\/v2\/posts\/15211\/revisions\/15213"}],"wp:featuredmedia":[{"embeddable":true,"href":"https:\/\/agora.xtec.cat\/ceip-jruyra-l-h\/wp-json\/wp\/v2\/media\/15212"}],"wp:attachment":[{"href":"https:\/\/agora.xtec.cat\/ceip-jruyra-l-h\/wp-json\/wp\/v2\/media?parent=15211"}],"wp:term":[{"taxonomy":"category","embeddable":true,"href":"https:\/\/agora.xtec.cat\/ceip-jruyra-l-h\/wp-json\/wp\/v2\/categories?post=15211"},{"taxonomy":"post_tag","embeddable":true,"href":"https:\/\/agora.xtec.cat\/ceip-jruyra-l-h\/wp-json\/wp\/v2\/tags?post=15211"}],"curies":[{"name":"wp","href":"https:\/\/api.w.org\/{rel}","templated":true}]}}