{"id":15172,"date":"2024-01-10T19:24:38","date_gmt":"2024-01-10T18:24:38","guid":{"rendered":"https:\/\/agora.xtec.cat\/ceip-jruyra-l-h\/?p=15172"},"modified":"2025-02-16T12:21:51","modified_gmt":"2025-02-16T11:21:51","slug":"tornem-a-obrir-la-biblioteca-tutoritzada-2","status":"publish","type":"post","link":"https:\/\/agora.xtec.cat\/ceip-jruyra-l-h\/general\/tornem-a-obrir-la-biblioteca-tutoritzada-2\/","title":{"rendered":"Tornem a obrir la biblioteca tutoritzada!!!"},"content":{"rendered":"<p>\u00c9s un plaer anunciar que la biblioteca tutoritzada de la nostra escola tornar\u00e0 a<strong> obrir<\/strong> les portes\u00a0a partir del <strong>dilluns 15 de gener<\/strong>. Estem molt contents de poder oferir als nostres alumnes un espai acollidor i segur per fomentar l&#8217;amor per la lectura i l&#8217;aprenentatge.<\/p>\n<p>Per facilitar el proc\u00e9s, us informem que el<strong> dijous 11 de gener i el divendres 12 de gener, de 16:30 a 18:00 hores<\/strong>, es duran a terme les <strong>preinscripcions<\/strong>. Aix\u00f2 permetr\u00e0 que els nens i les nenes interessats puguin quedar-se a partir del dilluns.<\/p>\n<p>\u00c9s important recordar que els alumnes d&#8217;infantil hauran d&#8217;estar acompanyats per almenys un adult durant la seva estada a la biblioteca. A partir de prim\u00e0ria, els estudiants podran quedar-se sense acompanyament, per\u00f2 \u00e9s necessari que un tutor o tutora de l&#8217;alumne passi a realitzar la inscripci\u00f3 corresponent.<\/p>\n<p>Agra\u00efm la vostra col\u00b7laboraci\u00f3 i esperem veure molts dels nostres nens i nenes gaudint de la biblioteca tutoritzada a partir del dilluns vinent. No dubteu a apropar-vos per inscriure-us i formar part d&#8217;aquesta enriquidora experi\u00e8ncia!<\/p>\n<p>Ens veiem a la biblioteca!<\/p>\n<p><img loading=\"lazy\" decoding=\"async\" class=\"alignnone size-large wp-image-15173 aligncenter\" src=\"https:\/\/agora.xtec.cat\/ceip-jruyra-l-h\/wp-content\/uploads\/usu2049\/2024\/01\/Poster-Biblioteca-543x768.jpg\" alt=\"\" width=\"543\" height=\"768\" srcset=\"https:\/\/agora.xtec.cat\/ceip-jruyra-l-h\/wp-content\/uploads\/usu2049\/2024\/01\/Poster-Biblioteca-543x768.jpg 543w, https:\/\/agora.xtec.cat\/ceip-jruyra-l-h\/wp-content\/uploads\/usu2049\/2024\/01\/Poster-Biblioteca-212x300.jpg 212w, https:\/\/agora.xtec.cat\/ceip-jruyra-l-h\/wp-content\/uploads\/usu2049\/2024\/01\/Poster-Biblioteca-768x1086.jpg 768w, https:\/\/agora.xtec.cat\/ceip-jruyra-l-h\/wp-content\/uploads\/usu2049\/2024\/01\/Poster-Biblioteca-1086x1536.jpg 1086w, https:\/\/agora.xtec.cat\/ceip-jruyra-l-h\/wp-content\/uploads\/usu2049\/2024\/01\/Poster-Biblioteca.jpg 1414w\" sizes=\"auto, (max-width: 543px) 100vw, 543px\" \/><\/p>\n","protected":false},"excerpt":{"rendered":"<p>\u00c9s un plaer anunciar que la biblioteca tutoritzada de la nostra escola tornar\u00e0 a obrir les portes\u00a0a partir del dilluns 15 de gener. Estem molt contents de poder oferir als nostres alumnes un espai acollidor i segur per fomentar l&#8217;amor per la lectura i l&#8217;aprenentatge.<br \/>\nPer&hellip;  <a href=\"https:\/\/agora.xtec.cat\/ceip-jruyra-l-h\/general\/tornem-a-obrir-la-biblioteca-tutoritzada-2\/\" title=\"Read Tornem a obrir la biblioteca tutoritzada!!!\">Llegeix m\u00e9s\u00bb<\/a><\/p>\n","protected":false},"author":16,"featured_media":15173,"comment_status":"open","ping_status":"closed","sticky":false,"template":"","format":"standard","meta":{"_bbp_topic_count":0,"_bbp_reply_count":0,"_bbp_total_topic_count":0,"_bbp_total_reply_count":0,"_bbp_voice_count":0,"_bbp_anonymous_reply_count":0,"_bbp_topic_count_hidden":0,"_bbp_reply_count_hidden":0,"_bbp_forum_subforum_count":0,"footnotes":""},"categories":[10,11,12,13,14,15,60,1,2,3,8,9,4,5],"tags":[71,83,68],"class_list":["post-15172","post","type-post","status-publish","format-standard","has-post-thumbnail","hentry","category-1r","category-2n","category-3r","category-4t","category-5e","category-6e","category-cdaxarxa","category-general","category-infantil","category-i3","category-i4","category-i5","category-portada","category-primaria","tag-actuacions-educatives-dexit","tag-comunitats-daprenentatge","tag-extensio-del-temps-daprenentatge"],"post_mailing_queue_ids":[],"_links":{"self":[{"href":"https:\/\/agora.xtec.cat\/ceip-jruyra-l-h\/wp-json\/wp\/v2\/posts\/15172","targetHints":{"allow":["GET"]}}],"collection":[{"href":"https:\/\/agora.xtec.cat\/ceip-jruyra-l-h\/wp-json\/wp\/v2\/posts"}],"about":[{"href":"https:\/\/agora.xtec.cat\/ceip-jruyra-l-h\/wp-json\/wp\/v2\/types\/post"}],"author":[{"embeddable":true,"href":"https:\/\/agora.xtec.cat\/ceip-jruyra-l-h\/wp-json\/wp\/v2\/users\/16"}],"replies":[{"embeddable":true,"href":"https:\/\/agora.xtec.cat\/ceip-jruyra-l-h\/wp-json\/wp\/v2\/comments?post=15172"}],"version-history":[{"count":1,"href":"https:\/\/agora.xtec.cat\/ceip-jruyra-l-h\/wp-json\/wp\/v2\/posts\/15172\/revisions"}],"predecessor-version":[{"id":15174,"href":"https:\/\/agora.xtec.cat\/ceip-jruyra-l-h\/wp-json\/wp\/v2\/posts\/15172\/revisions\/15174"}],"wp:featuredmedia":[{"embeddable":true,"href":"https:\/\/agora.xtec.cat\/ceip-jruyra-l-h\/wp-json\/wp\/v2\/media\/15173"}],"wp:attachment":[{"href":"https:\/\/agora.xtec.cat\/ceip-jruyra-l-h\/wp-json\/wp\/v2\/media?parent=15172"}],"wp:term":[{"taxonomy":"category","embeddable":true,"href":"https:\/\/agora.xtec.cat\/ceip-jruyra-l-h\/wp-json\/wp\/v2\/categories?post=15172"},{"taxonomy":"post_tag","embeddable":true,"href":"https:\/\/agora.xtec.cat\/ceip-jruyra-l-h\/wp-json\/wp\/v2\/tags?post=15172"}],"curies":[{"name":"wp","href":"https:\/\/api.w.org\/{rel}","templated":true}]}}