{"id":15164,"date":"2024-01-09T15:19:38","date_gmt":"2024-01-09T14:19:38","guid":{"rendered":"https:\/\/agora.xtec.cat\/ceip-jruyra-l-h\/?p=15164"},"modified":"2024-01-08T15:20:06","modified_gmt":"2024-01-08T14:20:06","slug":"i5b-nadal-a-la-classe-vikinga","status":"publish","type":"post","link":"https:\/\/agora.xtec.cat\/ceip-jruyra-l-h\/infantil\/i5\/i5b-nadal-a-la-classe-vikinga\/","title":{"rendered":"I5B: Nadal a la classe Vikinga"},"content":{"rendered":"<p><img loading=\"lazy\" decoding=\"async\" class=\"alignnone size-full wp-image-15165\" src=\"https:\/\/agora.xtec.cat\/ceip-jruyra-l-h\/wp-content\/uploads\/usu2049\/2024\/01\/Nadal-Classe-Vikinga.jpg\" alt=\"\" width=\"287\" height=\"237\" \/><\/p>\n<p>El mes de Desembre sempre \u00e9s molt especial per als nens i les nenes i en aquesta publicaci\u00f3 volem compartim amb tots vosaltres com ha sigut aquest mes per a la classe Vikinga:<\/p>\n<p>Primer, va a arribar el Ti\u00f3 a l\u2019escola i cada dia li don\u00e0vem de menjar per qu\u00e8 tingu\u00e9s moltes ganes de cagar regals. Era molt emocionant veure dia a dia com s\u2019anava menjant tot el que li don\u00e0vem entre tots els nens i nenes d\u2019infantil fins que va arribar un dia que l\u2019escola feia molta pudor a pet&#8230;estaria ja llest per cagar?? I tant que estava llest! Vam anar tots i totes a buscar d\u2019on venia aquella pudor i vam trobar al ti\u00f3 preparat per qu\u00e8 li piqu\u00e9ssim ben fort cantant la seva can\u00e7\u00f3. Va cagar un regal per cada nen i nena de la classe i tamb\u00e9 ens va cagar turrons i neules per compartir en un esmorzar amb l\u2019altre classe d\u2019I5. Podeu veure imatges i videos de com va arribar el ti\u00f3 a l\u2019escola, com el fam fer cagar i com vam obrir els regals en aquestes dues publicacions:<\/p>\n<ul>\n<li>Ti\u00f3 Classe Vikinga : <a href=\"https:\/\/drive.google.com\/drive\/folders\/17aP2hznc31H4puWMUe3dg4jQUYSC2yUC?usp=sharing\">https:\/\/drive.google.com\/drive\/folders\/17aP2hznc31H4puWMUe3dg4jQUYSC2yUC?usp=sharing<\/a><\/li>\n<li>Ti\u00f3 Cicle Infantil: <a href=\"https:\/\/drive.google.com\/drive\/folders\/1ZbZKLWmN2POgOjjCltHQx0TXRMT5Oo7t?usp=sharing\">https:\/\/drive.google.com\/drive\/folders\/1ZbZKLWmN2POgOjjCltHQx0TXRMT5Oo7t?usp=sharing<\/a><\/li>\n<\/ul>\n<p>Tamb\u00e9 vam preparar unes disfresses maqu\u00edssimes de Pare Noel pel dia del Concert d&#8217;Hivern. Podeu veure com estaven els vikings i les vikingues de preciosos amb ells en aquesta publicaci\u00f3 i aqu\u00ed podeu veure el concert sencer, cantant la can\u00e7\u00f3 \u201cEstimat Pare Noel\u201d i \u201cMi burrito Sabanero\u201d:<\/p>\n<ul>\n<li>Disfresses Pare Noel:\u00a0<a href=\"https:\/\/drive.google.com\/drive\/folders\/16wLQOYEb1VnS2k0fkq-Cg2NmUDRsDzoc?usp=sharing\">https:\/\/drive.google.com\/drive\/folders\/16wLQOYEb1VnS2k0fkq-Cg2NmUDRsDzoc?usp=sharing<\/a><\/li>\n<li>Concert de Nadal:\u00a0<a href=\"https:\/\/agora.xtec.cat\/ceip-jruyra-l-h\/infantil\/concert-dhivern-curs-2023-24\/\">https:\/\/agora.xtec.cat\/ceip-jruyra-l-h\/infantil\/concert-dhivern-curs-2023-24\/<\/a><\/li>\n<\/ul>\n<p>Amb l\u2019altre classe d\u2019I5 (Els Viatgers i les Viatgeres) vam celebrar un esmorzar bon\u00edssim amb els turrons i les neules que ens va cagar el Ti\u00f3. Podeu veure les imatges i videos en aquest enlla\u00e7: <a href=\"https:\/\/drive.google.com\/drive\/folders\/1r5w3Gzd0_nqQzL3_wuAz6mAvMOhE1Kd5?usp=sharing\">https:\/\/drive.google.com\/drive\/folders\/1r5w3Gzd0_nqQzL3_wuAz6mAvMOhE1Kd5?usp=sharing<\/a><\/p>\n<p>L\u2019ultim dia vam rebre la gran sorpresa de la visita del Pare Noel i les seves ajudants a la classe! Ens van donar caramels a tots i totes i portava un sac ben ple de regals que vam rebre amb molta il\u00b7lusi\u00f3 i els vam obrir amb molta alegria. Podeu veure les imatges en aquest enlla\u00e7: \u00a0<a href=\"https:\/\/drive.google.com\/drive\/folders\/1jlu9RgAA3dbPcVYCqCkx-QnvHanIGTrJ?usp=sharing\">https:\/\/drive.google.com\/drive\/folders\/1jlu9RgAA3dbPcVYCqCkx-QnvHanIGTrJ?usp=sharing<\/a><\/p>\n","protected":false},"excerpt":{"rendered":"<p>El mes de Desembre sempre \u00e9s molt especial per als nens i les nenes i en aquesta publicaci\u00f3 volem compartim amb tots vosaltres com ha sigut aquest mes per a la classe Vikinga:<br \/>\nPrimer, va a arribar el Ti\u00f3 a l\u2019escola i cada dia li don\u00e0vem&hellip;  <a href=\"https:\/\/agora.xtec.cat\/ceip-jruyra-l-h\/infantil\/i5\/i5b-nadal-a-la-classe-vikinga\/\" title=\"Read I5B: Nadal a la classe Vikinga\">Llegeix m\u00e9s\u00bb<\/a><\/p>\n","protected":false},"author":37,"featured_media":15165,"comment_status":"open","ping_status":"closed","sticky":false,"template":"","format":"standard","meta":{"_bbp_topic_count":0,"_bbp_reply_count":0,"_bbp_total_topic_count":0,"_bbp_total_reply_count":0,"_bbp_voice_count":0,"_bbp_anonymous_reply_count":0,"_bbp_topic_count_hidden":0,"_bbp_reply_count_hidden":0,"_bbp_forum_subforum_count":0,"footnotes":""},"categories":[9],"tags":[],"class_list":["post-15164","post","type-post","status-publish","format-standard","has-post-thumbnail","hentry","category-i5"],"post_mailing_queue_ids":[],"_links":{"self":[{"href":"https:\/\/agora.xtec.cat\/ceip-jruyra-l-h\/wp-json\/wp\/v2\/posts\/15164","targetHints":{"allow":["GET"]}}],"collection":[{"href":"https:\/\/agora.xtec.cat\/ceip-jruyra-l-h\/wp-json\/wp\/v2\/posts"}],"about":[{"href":"https:\/\/agora.xtec.cat\/ceip-jruyra-l-h\/wp-json\/wp\/v2\/types\/post"}],"author":[{"embeddable":true,"href":"https:\/\/agora.xtec.cat\/ceip-jruyra-l-h\/wp-json\/wp\/v2\/users\/37"}],"replies":[{"embeddable":true,"href":"https:\/\/agora.xtec.cat\/ceip-jruyra-l-h\/wp-json\/wp\/v2\/comments?post=15164"}],"version-history":[{"count":1,"href":"https:\/\/agora.xtec.cat\/ceip-jruyra-l-h\/wp-json\/wp\/v2\/posts\/15164\/revisions"}],"predecessor-version":[{"id":15166,"href":"https:\/\/agora.xtec.cat\/ceip-jruyra-l-h\/wp-json\/wp\/v2\/posts\/15164\/revisions\/15166"}],"wp:featuredmedia":[{"embeddable":true,"href":"https:\/\/agora.xtec.cat\/ceip-jruyra-l-h\/wp-json\/wp\/v2\/media\/15165"}],"wp:attachment":[{"href":"https:\/\/agora.xtec.cat\/ceip-jruyra-l-h\/wp-json\/wp\/v2\/media?parent=15164"}],"wp:term":[{"taxonomy":"category","embeddable":true,"href":"https:\/\/agora.xtec.cat\/ceip-jruyra-l-h\/wp-json\/wp\/v2\/categories?post=15164"},{"taxonomy":"post_tag","embeddable":true,"href":"https:\/\/agora.xtec.cat\/ceip-jruyra-l-h\/wp-json\/wp\/v2\/tags?post=15164"}],"curies":[{"name":"wp","href":"https:\/\/api.w.org\/{rel}","templated":true}]}}