{"id":15143,"date":"2024-01-07T13:09:29","date_gmt":"2024-01-07T12:09:29","guid":{"rendered":"https:\/\/agora.xtec.cat\/ceip-jruyra-l-h\/?p=15143"},"modified":"2025-02-16T12:22:04","modified_gmt":"2025-02-16T11:22:04","slug":"i4b-tertulia-dialogica-artistica-les-menines-de-velazquez","status":"publish","type":"post","link":"https:\/\/agora.xtec.cat\/ceip-jruyra-l-h\/general\/i4b-tertulia-dialogica-artistica-les-menines-de-velazquez\/","title":{"rendered":"I4B Tert\u00falia Dial\u00f2gica Art\u00edstica: Les Menines de Vel\u00e1zquez"},"content":{"rendered":"<p><img loading=\"lazy\" decoding=\"async\" class=\"size-full wp-image-15086 aligncenter\" src=\"https:\/\/agora.xtec.cat\/ceip-jruyra-l-h\/wp-content\/uploads\/usu2049\/2023\/12\/Las_Meninas_01.jpg\" alt=\"\" width=\"400\" height=\"461\" srcset=\"https:\/\/agora.xtec.cat\/ceip-jruyra-l-h\/wp-content\/uploads\/usu2049\/2023\/12\/Las_Meninas_01.jpg 400w, https:\/\/agora.xtec.cat\/ceip-jruyra-l-h\/wp-content\/uploads\/usu2049\/2023\/12\/Las_Meninas_01-260x300.jpg 260w\" sizes=\"auto, (max-width: 400px) 100vw, 400px\" \/><\/p>\n<p>Hola, fam\u00edlies!<\/p>\n<p>Fa uns dies, els mariners i marineres vam veure el quadre de <strong>Les Menines de Vel\u00e1zquez<\/strong>, obra escollida per fer la <strong>primera tert\u00falia dial\u00f2gica art\u00edstica<\/strong> d&#8217;aquest curs escolar. Sense saber cap mena d&#8217;informaci\u00f3 sobre aquesta obra d&#8217;art, vam estar un parell de minuts observant-lo en detall.<\/p>\n<p>Despr\u00e9s, vam estar comentant qu\u00e8 \u00e9s el que v\u00e8iem, qu\u00e8 cr\u00e8iem que feien els protagonistes que surten en aquesta obra i qui podria ser l&#8217;artista que l&#8217;ha pintat. Pels vestits que porten les Menines, gaireb\u00e9 tots hem pensat que eren princeses!<\/p>\n<p>Per acabar, vam preparar material per poder decorar un dibuix d&#8217;una\u00a0<span class=\"hiddenSpellError\">Menina<\/span>. El que vam fer, va ser pintar amb diferents colors el dibuix i, a la part de la faldilla, li vam ficar diferents retalls de paper i aix\u00ed decorar-la al nostre gust!<\/p>\n<p>Fam\u00edlies, si voleu veure les fotografies de com ha quedat la nostra\u00a0<span class=\"hiddenSpellError\">Menina<\/span>, heu de fer clic en el seg\u00fcent enlla\u00e7:<\/p>\n<p><a href=\"https:\/\/drive.google.com\/drive\/folders\/1T5WN40tCosgSkzKoo9CVWAOJBxxPhrzv?usp=drive_link\">https:\/\/drive.google.com\/drive\/folders\/1T5WN40tCosgSkzKoo9CVWAOJBxxPhrzv?usp=drive_link<\/a><\/p>\n<p>&nbsp;<\/p>\n","protected":false},"excerpt":{"rendered":"<p>Hola, fam\u00edlies!<br \/>\nFa uns dies, els mariners i marineres vam veure el quadre de Les Menines de Vel\u00e1zquez, obra escollida per fer la primera tert\u00falia dial\u00f2gica art\u00edstica d&#8217;aquest curs escolar. Sense saber cap mena d&#8217;informaci\u00f3 sobre aquesta obra d&#8217;art, vam estar un parell de minuts observant-lo&hellip;  <a href=\"https:\/\/agora.xtec.cat\/ceip-jruyra-l-h\/general\/i4b-tertulia-dialogica-artistica-les-menines-de-velazquez\/\" title=\"Read I4B Tert\u00falia Dial\u00f2gica Art\u00edstica: Les Menines de Vel\u00e1zquez\">Llegeix m\u00e9s\u00bb<\/a><\/p>\n","protected":false},"author":1,"featured_media":15086,"comment_status":"open","ping_status":"closed","sticky":false,"template":"","format":"standard","meta":{"_bbp_topic_count":0,"_bbp_reply_count":0,"_bbp_total_topic_count":0,"_bbp_total_reply_count":0,"_bbp_voice_count":0,"_bbp_anonymous_reply_count":0,"_bbp_topic_count_hidden":0,"_bbp_reply_count_hidden":0,"_bbp_forum_subforum_count":0,"footnotes":""},"categories":[60,1,8,4],"tags":[71,83,63],"class_list":["post-15143","post","type-post","status-publish","format-standard","has-post-thumbnail","hentry","category-cdaxarxa","category-general","category-i4","category-portada","tag-actuacions-educatives-dexit","tag-comunitats-daprenentatge","tag-tertulies-dialogiques"],"post_mailing_queue_ids":[],"_links":{"self":[{"href":"https:\/\/agora.xtec.cat\/ceip-jruyra-l-h\/wp-json\/wp\/v2\/posts\/15143","targetHints":{"allow":["GET"]}}],"collection":[{"href":"https:\/\/agora.xtec.cat\/ceip-jruyra-l-h\/wp-json\/wp\/v2\/posts"}],"about":[{"href":"https:\/\/agora.xtec.cat\/ceip-jruyra-l-h\/wp-json\/wp\/v2\/types\/post"}],"author":[{"embeddable":true,"href":"https:\/\/agora.xtec.cat\/ceip-jruyra-l-h\/wp-json\/wp\/v2\/users\/1"}],"replies":[{"embeddable":true,"href":"https:\/\/agora.xtec.cat\/ceip-jruyra-l-h\/wp-json\/wp\/v2\/comments?post=15143"}],"version-history":[{"count":4,"href":"https:\/\/agora.xtec.cat\/ceip-jruyra-l-h\/wp-json\/wp\/v2\/posts\/15143\/revisions"}],"predecessor-version":[{"id":15151,"href":"https:\/\/agora.xtec.cat\/ceip-jruyra-l-h\/wp-json\/wp\/v2\/posts\/15143\/revisions\/15151"}],"wp:featuredmedia":[{"embeddable":true,"href":"https:\/\/agora.xtec.cat\/ceip-jruyra-l-h\/wp-json\/wp\/v2\/media\/15086"}],"wp:attachment":[{"href":"https:\/\/agora.xtec.cat\/ceip-jruyra-l-h\/wp-json\/wp\/v2\/media?parent=15143"}],"wp:term":[{"taxonomy":"category","embeddable":true,"href":"https:\/\/agora.xtec.cat\/ceip-jruyra-l-h\/wp-json\/wp\/v2\/categories?post=15143"},{"taxonomy":"post_tag","embeddable":true,"href":"https:\/\/agora.xtec.cat\/ceip-jruyra-l-h\/wp-json\/wp\/v2\/tags?post=15143"}],"curies":[{"name":"wp","href":"https:\/\/api.w.org\/{rel}","templated":true}]}}