{"id":15099,"date":"2024-01-02T22:31:47","date_gmt":"2024-01-02T21:31:47","guid":{"rendered":"https:\/\/agora.xtec.cat\/ceip-jruyra-l-h\/?p=15099"},"modified":"2023-12-19T22:33:14","modified_gmt":"2023-12-19T21:33:14","slug":"sortida-al-delta-del-llobregat-de-cicle-mitja","status":"publish","type":"post","link":"https:\/\/agora.xtec.cat\/ceip-jruyra-l-h\/primaria\/sortida-al-delta-del-llobregat-de-cicle-mitja\/","title":{"rendered":"SORTIDA AL DELTA DEL LLOBREGAT DE CICLE MITJ\u00c0"},"content":{"rendered":"<p><img loading=\"lazy\" decoding=\"async\" class=\"alignnone size-large wp-image-15109\" src=\"https:\/\/agora.xtec.cat\/ceip-jruyra-l-h\/wp-content\/uploads\/usu2049\/2023\/12\/Visita-al-Delta-del-Llobregat-1024x724.jpg\" alt=\"\" width=\"1024\" height=\"724\" srcset=\"https:\/\/agora.xtec.cat\/ceip-jruyra-l-h\/wp-content\/uploads\/usu2049\/2023\/12\/Visita-al-Delta-del-Llobregat-1024x724.jpg 1024w, https:\/\/agora.xtec.cat\/ceip-jruyra-l-h\/wp-content\/uploads\/usu2049\/2023\/12\/Visita-al-Delta-del-Llobregat-300x212.jpg 300w, https:\/\/agora.xtec.cat\/ceip-jruyra-l-h\/wp-content\/uploads\/usu2049\/2023\/12\/Visita-al-Delta-del-Llobregat-768x543.jpg 768w, https:\/\/agora.xtec.cat\/ceip-jruyra-l-h\/wp-content\/uploads\/usu2049\/2023\/12\/Visita-al-Delta-del-Llobregat-1536x1086.jpg 1536w, https:\/\/agora.xtec.cat\/ceip-jruyra-l-h\/wp-content\/uploads\/usu2049\/2023\/12\/Visita-al-Delta-del-Llobregat-2048x1448.jpg 2048w\" sizes=\"auto, (max-width: 1024px) 100vw, 1024px\" \/><\/p>\n<p>A cicle mitj\u00e0 hem acabat el trimestre fent una escapada al meravell\u00f3s entorn del Delta del Llobregat on tot l&#8217;alumnat ha gaudit del seu paisatge, de la seva vegetaci\u00f3 i dels animals que l&#8217;habiten.<\/p>\n<p>Com a mostra us deixem unes imatges del dia que van passar tots plegats i un petit v\u00eddeo amb algunes de les fotografies.<\/p>\n<p>Esperem que us agradi.<\/p>\n<p><a href=\"https:\/\/drive.google.com\/drive\/folders\/1MJoQCRTKjAM2uzrYeQ83iNfWdAANkmkx?usp=drive_link\"><strong>FOTOS DE LA SORTIDA AL DELTA DEL LLOBREGAT 23-24<\/strong><\/a><\/p>\n<p><strong><a href=\"https:\/\/drive.google.com\/file\/d\/1C9c8JyXGRl0ULYtR42E_AgEtkxElwjKx\/view?usp=drive_link\">VIDEO SORTIDA AL DELTA DEL LLOBREGAT 23-24<\/a><\/strong><\/p>\n","protected":false},"excerpt":{"rendered":"<p>A cicle mitj\u00e0 hem acabat el trimestre fent una escapada al meravell\u00f3s entorn del Delta del Llobregat on tot l&#8217;alumnat ha gaudit del seu paisatge, de la seva vegetaci\u00f3 i dels animals que l&#8217;habiten.<br \/>\nCom a mostra us deixem unes imatges del dia que van passar&hellip;  <a href=\"https:\/\/agora.xtec.cat\/ceip-jruyra-l-h\/primaria\/sortida-al-delta-del-llobregat-de-cicle-mitja\/\" title=\"Read SORTIDA AL DELTA DEL LLOBREGAT DE CICLE MITJ\u00c0\">Llegeix m\u00e9s\u00bb<\/a><\/p>\n","protected":false},"author":1,"featured_media":15109,"comment_status":"open","ping_status":"closed","sticky":false,"template":"","format":"standard","meta":{"_bbp_topic_count":0,"_bbp_reply_count":0,"_bbp_total_topic_count":0,"_bbp_total_reply_count":0,"_bbp_voice_count":0,"_bbp_anonymous_reply_count":0,"_bbp_topic_count_hidden":0,"_bbp_reply_count_hidden":0,"_bbp_forum_subforum_count":0,"footnotes":""},"categories":[12,13,5],"tags":[],"class_list":["post-15099","post","type-post","status-publish","format-standard","has-post-thumbnail","hentry","category-3r","category-4t","category-primaria"],"post_mailing_queue_ids":[],"_links":{"self":[{"href":"https:\/\/agora.xtec.cat\/ceip-jruyra-l-h\/wp-json\/wp\/v2\/posts\/15099","targetHints":{"allow":["GET"]}}],"collection":[{"href":"https:\/\/agora.xtec.cat\/ceip-jruyra-l-h\/wp-json\/wp\/v2\/posts"}],"about":[{"href":"https:\/\/agora.xtec.cat\/ceip-jruyra-l-h\/wp-json\/wp\/v2\/types\/post"}],"author":[{"embeddable":true,"href":"https:\/\/agora.xtec.cat\/ceip-jruyra-l-h\/wp-json\/wp\/v2\/users\/1"}],"replies":[{"embeddable":true,"href":"https:\/\/agora.xtec.cat\/ceip-jruyra-l-h\/wp-json\/wp\/v2\/comments?post=15099"}],"version-history":[{"count":1,"href":"https:\/\/agora.xtec.cat\/ceip-jruyra-l-h\/wp-json\/wp\/v2\/posts\/15099\/revisions"}],"predecessor-version":[{"id":15114,"href":"https:\/\/agora.xtec.cat\/ceip-jruyra-l-h\/wp-json\/wp\/v2\/posts\/15099\/revisions\/15114"}],"wp:featuredmedia":[{"embeddable":true,"href":"https:\/\/agora.xtec.cat\/ceip-jruyra-l-h\/wp-json\/wp\/v2\/media\/15109"}],"wp:attachment":[{"href":"https:\/\/agora.xtec.cat\/ceip-jruyra-l-h\/wp-json\/wp\/v2\/media?parent=15099"}],"wp:term":[{"taxonomy":"category","embeddable":true,"href":"https:\/\/agora.xtec.cat\/ceip-jruyra-l-h\/wp-json\/wp\/v2\/categories?post=15099"},{"taxonomy":"post_tag","embeddable":true,"href":"https:\/\/agora.xtec.cat\/ceip-jruyra-l-h\/wp-json\/wp\/v2\/tags?post=15099"}],"curies":[{"name":"wp","href":"https:\/\/api.w.org\/{rel}","templated":true}]}}