{"id":15098,"date":"2023-12-28T21:06:47","date_gmt":"2023-12-28T20:06:47","guid":{"rendered":"https:\/\/agora.xtec.cat\/ceip-jruyra-l-h\/?p=15098"},"modified":"2025-02-16T12:22:04","modified_gmt":"2025-02-16T11:22:04","slug":"i4a-sirenes-i-sirens-tertulia-artistica-dialogica","status":"publish","type":"post","link":"https:\/\/agora.xtec.cat\/ceip-jruyra-l-h\/general\/i4a-sirenes-i-sirens-tertulia-artistica-dialogica\/","title":{"rendered":"I4A: Sirenes i Sirens. Tert\u00falia Art\u00edstica Dial\u00f2gica"},"content":{"rendered":"<p>Estimades fam\u00edlies!<\/p>\n<p>Com ja sabeu, el nostre centre \u00e9s una comunitat d&#8217;aprenentatge i, una de les estrat\u00e8gies d&#8217;\u00e8xit que duem a terme s\u00f3n les tert\u00falies art\u00edstiques dial\u00f2giques.<\/p>\n<p>Divendres passat, la classe de les Sirenes i els Sirens vam tenir l&#8217;oportunitat de poder observar el quadre de &#8220;Las Meninas&#8221; de Diego Vel\u00e1zquez.<\/p>\n<p>Primer vam observar el quadre i vam comentar algunes de les coses que pod\u00edem veure i a qu\u00e9 ens recordava. I una de les conclusions que van treure els nens i nenes \u00e9s que al quadre sortien algunes princeses per\u00f2&#8230;no els van agradar gaire ja que tenien uns vestits una mica tristos i foscos<\/p>\n<p>Aix\u00ed que vam pensar, i si fem la nostra pr\u00f2pia menina amb un vestit molt m\u00e9s bonic i alegre?<\/p>\n<p>Llavors ens vam posar fil a l&#8217;agulla, i amb retoladors i colors i diferents tipus de papers i de materials, ens van quedar uns vestits MOLT BONICS.<\/p>\n<p>Voleu veure&#8217;ls? Doncs cliqueu al seg\u00fcent enlla\u00e7 per veure alguna de les fotos de la nostra tert\u00falia art\u00edstica.<\/p>\n<p>https:\/\/drive.google.com\/drive\/folders\/1utKdBnpkxfZD3I5mz95PZ5TWhr1YxkFp?usp=sharing<\/p>\n","protected":false},"excerpt":{"rendered":"<p>Estimades fam\u00edlies!<br \/>\nCom ja sabeu, el nostre centre \u00e9s una comunitat d&#8217;aprenentatge i, una de les estrat\u00e8gies d&#8217;\u00e8xit que duem a terme s\u00f3n les tert\u00falies art\u00edstiques dial\u00f2giques.<br \/>\nDivendres passat, la classe de les Sirenes i els Sirens vam tenir l&#8217;oportunitat de poder observar el quadre de &#8220;Las&hellip;  <a href=\"https:\/\/agora.xtec.cat\/ceip-jruyra-l-h\/general\/i4a-sirenes-i-sirens-tertulia-artistica-dialogica\/\" title=\"Read I4A: Sirenes i Sirens. Tert\u00falia Art\u00edstica Dial\u00f2gica\">Llegeix m\u00e9s\u00bb<\/a><\/p>\n","protected":false},"author":1,"featured_media":15100,"comment_status":"open","ping_status":"closed","sticky":false,"template":"","format":"standard","meta":{"_bbp_topic_count":0,"_bbp_reply_count":0,"_bbp_total_topic_count":0,"_bbp_total_reply_count":0,"_bbp_voice_count":0,"_bbp_anonymous_reply_count":0,"_bbp_topic_count_hidden":0,"_bbp_reply_count_hidden":0,"_bbp_forum_subforum_count":0,"footnotes":""},"categories":[60,1,8,4],"tags":[71,83,63],"class_list":["post-15098","post","type-post","status-publish","format-standard","has-post-thumbnail","hentry","category-cdaxarxa","category-general","category-i4","category-portada","tag-actuacions-educatives-dexit","tag-comunitats-daprenentatge","tag-tertulies-dialogiques"],"post_mailing_queue_ids":[],"_links":{"self":[{"href":"https:\/\/agora.xtec.cat\/ceip-jruyra-l-h\/wp-json\/wp\/v2\/posts\/15098","targetHints":{"allow":["GET"]}}],"collection":[{"href":"https:\/\/agora.xtec.cat\/ceip-jruyra-l-h\/wp-json\/wp\/v2\/posts"}],"about":[{"href":"https:\/\/agora.xtec.cat\/ceip-jruyra-l-h\/wp-json\/wp\/v2\/types\/post"}],"author":[{"embeddable":true,"href":"https:\/\/agora.xtec.cat\/ceip-jruyra-l-h\/wp-json\/wp\/v2\/users\/1"}],"replies":[{"embeddable":true,"href":"https:\/\/agora.xtec.cat\/ceip-jruyra-l-h\/wp-json\/wp\/v2\/comments?post=15098"}],"version-history":[{"count":1,"href":"https:\/\/agora.xtec.cat\/ceip-jruyra-l-h\/wp-json\/wp\/v2\/posts\/15098\/revisions"}],"predecessor-version":[{"id":15101,"href":"https:\/\/agora.xtec.cat\/ceip-jruyra-l-h\/wp-json\/wp\/v2\/posts\/15098\/revisions\/15101"}],"wp:featuredmedia":[{"embeddable":true,"href":"https:\/\/agora.xtec.cat\/ceip-jruyra-l-h\/wp-json\/wp\/v2\/media\/15100"}],"wp:attachment":[{"href":"https:\/\/agora.xtec.cat\/ceip-jruyra-l-h\/wp-json\/wp\/v2\/media?parent=15098"}],"wp:term":[{"taxonomy":"category","embeddable":true,"href":"https:\/\/agora.xtec.cat\/ceip-jruyra-l-h\/wp-json\/wp\/v2\/categories?post=15098"},{"taxonomy":"post_tag","embeddable":true,"href":"https:\/\/agora.xtec.cat\/ceip-jruyra-l-h\/wp-json\/wp\/v2\/tags?post=15098"}],"curies":[{"name":"wp","href":"https:\/\/api.w.org\/{rel}","templated":true}]}}