{"id":15078,"date":"2023-12-19T20:59:42","date_gmt":"2023-12-19T19:59:42","guid":{"rendered":"https:\/\/agora.xtec.cat\/ceip-jruyra-l-h\/?p=15078"},"modified":"2023-12-19T20:59:42","modified_gmt":"2023-12-19T19:59:42","slug":"infantil-el-tio-de-nadal","status":"publish","type":"post","link":"https:\/\/agora.xtec.cat\/ceip-jruyra-l-h\/infantil\/infantil-el-tio-de-nadal\/","title":{"rendered":"Infantil: El Ti\u00f3 de Nadal"},"content":{"rendered":"<p>Hola fam\u00edlies!<\/p>\n<p>Despr\u00e9s de dies d\u2019arribar a l\u2019escola i d\u2019anar fent \u00e0pats compartits amb els nens i les nenes d\u2019infantil el Ti\u00f3 est\u00e0 llest per fer la seva m\u00e0gia i \u201cdeixar anar\u201d tot tipus de regals: qu\u00e8 ens ha demanat a canvi? Una can\u00e7\u00f3 i bons cops de bast\u00f3!!!<\/p>\n<p>Voleu compartir aquest moment amb tots nosaltres? Doncs atents a les fotografies i els v\u00eddeos que us mostrem tot seguit!<\/p>\n<p>CAGA TI\u00d3!!!!<\/p>\n<p><a href=\"https:\/\/drive.google.com\/drive\/folders\/1ZbZKLWmN2POgOjjCltHQx0TXRMT5Oo7t?usp=sharing\">https:\/\/drive.google.com\/drive\/folders\/1ZbZKLWmN2POgOjjCltHQx0TXRMT5Oo7t?usp=sharing<\/a><\/p>\n","protected":false},"excerpt":{"rendered":"<p>Hola fam\u00edlies!<br \/>\nDespr\u00e9s de dies d\u2019arribar a l\u2019escola i d\u2019anar fent \u00e0pats compartits amb els nens i les nenes d\u2019infantil el Ti\u00f3 est\u00e0 llest per fer la seva m\u00e0gia i \u201cdeixar anar\u201d tot tipus de regals: qu\u00e8 ens ha demanat a canvi? Una can\u00e7\u00f3 i bons&hellip;  <a href=\"https:\/\/agora.xtec.cat\/ceip-jruyra-l-h\/infantil\/infantil-el-tio-de-nadal\/\" title=\"Read Infantil: El Ti\u00f3 de Nadal\">Llegeix m\u00e9s\u00bb<\/a><\/p>\n","protected":false},"author":19,"featured_media":15079,"comment_status":"open","ping_status":"closed","sticky":false,"template":"","format":"standard","meta":{"_bbp_topic_count":0,"_bbp_reply_count":0,"_bbp_total_topic_count":0,"_bbp_total_reply_count":0,"_bbp_voice_count":0,"_bbp_anonymous_reply_count":0,"_bbp_topic_count_hidden":0,"_bbp_reply_count_hidden":0,"_bbp_forum_subforum_count":0,"footnotes":""},"categories":[2,3,8,9],"tags":[],"class_list":["post-15078","post","type-post","status-publish","format-standard","has-post-thumbnail","hentry","category-infantil","category-i3","category-i4","category-i5"],"post_mailing_queue_ids":[],"_links":{"self":[{"href":"https:\/\/agora.xtec.cat\/ceip-jruyra-l-h\/wp-json\/wp\/v2\/posts\/15078","targetHints":{"allow":["GET"]}}],"collection":[{"href":"https:\/\/agora.xtec.cat\/ceip-jruyra-l-h\/wp-json\/wp\/v2\/posts"}],"about":[{"href":"https:\/\/agora.xtec.cat\/ceip-jruyra-l-h\/wp-json\/wp\/v2\/types\/post"}],"author":[{"embeddable":true,"href":"https:\/\/agora.xtec.cat\/ceip-jruyra-l-h\/wp-json\/wp\/v2\/users\/19"}],"replies":[{"embeddable":true,"href":"https:\/\/agora.xtec.cat\/ceip-jruyra-l-h\/wp-json\/wp\/v2\/comments?post=15078"}],"version-history":[{"count":1,"href":"https:\/\/agora.xtec.cat\/ceip-jruyra-l-h\/wp-json\/wp\/v2\/posts\/15078\/revisions"}],"predecessor-version":[{"id":15080,"href":"https:\/\/agora.xtec.cat\/ceip-jruyra-l-h\/wp-json\/wp\/v2\/posts\/15078\/revisions\/15080"}],"wp:featuredmedia":[{"embeddable":true,"href":"https:\/\/agora.xtec.cat\/ceip-jruyra-l-h\/wp-json\/wp\/v2\/media\/15079"}],"wp:attachment":[{"href":"https:\/\/agora.xtec.cat\/ceip-jruyra-l-h\/wp-json\/wp\/v2\/media?parent=15078"}],"wp:term":[{"taxonomy":"category","embeddable":true,"href":"https:\/\/agora.xtec.cat\/ceip-jruyra-l-h\/wp-json\/wp\/v2\/categories?post=15078"},{"taxonomy":"post_tag","embeddable":true,"href":"https:\/\/agora.xtec.cat\/ceip-jruyra-l-h\/wp-json\/wp\/v2\/tags?post=15078"}],"curies":[{"name":"wp","href":"https:\/\/api.w.org\/{rel}","templated":true}]}}