{"id":15070,"date":"2023-12-21T21:00:49","date_gmt":"2023-12-21T20:00:49","guid":{"rendered":"https:\/\/agora.xtec.cat\/ceip-jruyra-l-h\/?p=15070"},"modified":"2023-12-19T21:00:56","modified_gmt":"2023-12-19T20:00:56","slug":"cap-de-setmana-juan-antonio","status":"publish","type":"post","link":"https:\/\/agora.xtec.cat\/ceip-jruyra-l-h\/infantil\/i3\/cap-de-setmana-juan-antonio\/","title":{"rendered":"CAP DE SETMANA JUAN ANTONIO"},"content":{"rendered":"<p>Hola fam\u00edlies!<\/p>\n<p>Ja hem comen\u00e7at a explicar el nostre cap de setmana, com ja vam explicar: cada cap de setmana ser\u00e0 un nen o nena de la classe qui ens explicar\u00e0 el que ha fet durant aquests dos dies.<\/p>\n<p>El primer en explicar-nos el que va fer va ser <strong>Juan Antonio<\/strong>: ens va explicar que va anar amb el seu Quad al parc i que corria molt, va ajudar a tapar forats a les parets de la seva casa per poder pintar les parets d&#8217;un altre color, molt b\u00e9 Juan Antonio!! Tamb\u00e9 va anar a veure llums i decoraci\u00f3 de Nadal i finalment va jugar amb totes les seves joguines.<\/p>\n<p>Ho has fet molt b\u00e9 Juan Antonio!<\/p>\n<p>A continuaci\u00f3 us deixo les fotos de la seva explicaci\u00f3<\/p>\n<p><a href=\"https:\/\/drive.google.com\/drive\/folders\/16UQaY54vwGZrJ2SaqC0BKifcievznL4I?usp=drive_link\">https:\/\/drive.google.com\/drive\/folders\/16UQaY54vwGZrJ2SaqC0BKifcievznL4I?usp=drive_link<\/a><\/p>\n<p>Jessica<\/p>\n","protected":false},"excerpt":{"rendered":"<p>Cap de setmana de Juan Antonio&hellip;  <a href=\"https:\/\/agora.xtec.cat\/ceip-jruyra-l-h\/infantil\/i3\/cap-de-setmana-juan-antonio\/\" title=\"Read CAP DE SETMANA JUAN ANTONIO\">Llegeix m\u00e9s\u00bb<\/a><\/p>\n","protected":false},"author":1,"featured_media":15071,"comment_status":"open","ping_status":"closed","sticky":false,"template":"","format":"standard","meta":{"_bbp_topic_count":0,"_bbp_reply_count":0,"_bbp_total_topic_count":0,"_bbp_total_reply_count":0,"_bbp_voice_count":0,"_bbp_anonymous_reply_count":0,"_bbp_topic_count_hidden":0,"_bbp_reply_count_hidden":0,"_bbp_forum_subforum_count":0,"footnotes":""},"categories":[3],"tags":[83],"class_list":["post-15070","post","type-post","status-publish","format-standard","has-post-thumbnail","hentry","category-i3","tag-comunitats-daprenentatge"],"post_mailing_queue_ids":[],"_links":{"self":[{"href":"https:\/\/agora.xtec.cat\/ceip-jruyra-l-h\/wp-json\/wp\/v2\/posts\/15070","targetHints":{"allow":["GET"]}}],"collection":[{"href":"https:\/\/agora.xtec.cat\/ceip-jruyra-l-h\/wp-json\/wp\/v2\/posts"}],"about":[{"href":"https:\/\/agora.xtec.cat\/ceip-jruyra-l-h\/wp-json\/wp\/v2\/types\/post"}],"author":[{"embeddable":true,"href":"https:\/\/agora.xtec.cat\/ceip-jruyra-l-h\/wp-json\/wp\/v2\/users\/1"}],"replies":[{"embeddable":true,"href":"https:\/\/agora.xtec.cat\/ceip-jruyra-l-h\/wp-json\/wp\/v2\/comments?post=15070"}],"version-history":[{"count":1,"href":"https:\/\/agora.xtec.cat\/ceip-jruyra-l-h\/wp-json\/wp\/v2\/posts\/15070\/revisions"}],"predecessor-version":[{"id":15072,"href":"https:\/\/agora.xtec.cat\/ceip-jruyra-l-h\/wp-json\/wp\/v2\/posts\/15070\/revisions\/15072"}],"wp:featuredmedia":[{"embeddable":true,"href":"https:\/\/agora.xtec.cat\/ceip-jruyra-l-h\/wp-json\/wp\/v2\/media\/15071"}],"wp:attachment":[{"href":"https:\/\/agora.xtec.cat\/ceip-jruyra-l-h\/wp-json\/wp\/v2\/media?parent=15070"}],"wp:term":[{"taxonomy":"category","embeddable":true,"href":"https:\/\/agora.xtec.cat\/ceip-jruyra-l-h\/wp-json\/wp\/v2\/categories?post=15070"},{"taxonomy":"post_tag","embeddable":true,"href":"https:\/\/agora.xtec.cat\/ceip-jruyra-l-h\/wp-json\/wp\/v2\/tags?post=15070"}],"curies":[{"name":"wp","href":"https:\/\/api.w.org\/{rel}","templated":true}]}}