{"id":15060,"date":"2023-12-30T21:07:42","date_gmt":"2023-12-30T20:07:42","guid":{"rendered":"https:\/\/agora.xtec.cat\/ceip-jruyra-l-h\/?p=15060"},"modified":"2023-12-19T21:07:58","modified_gmt":"2023-12-19T20:07:58","slug":"caga-tio","status":"publish","type":"post","link":"https:\/\/agora.xtec.cat\/ceip-jruyra-l-h\/primaria\/caga-tio\/","title":{"rendered":"Caga Ti\u00f3"},"content":{"rendered":"<p>Estimades fam\u00edlies,<br \/>\n<img loading=\"lazy\" decoding=\"async\" class=\" wp-image-15043 alignright\" src=\"https:\/\/agora.xtec.cat\/ceip-jruyra-l-h\/wp-content\/uploads\/usu2049\/2023\/12\/tio-de-nadal--1024x768.jpg\" alt=\"\" width=\"472\" height=\"354\" srcset=\"https:\/\/agora.xtec.cat\/ceip-jruyra-l-h\/wp-content\/uploads\/usu2049\/2023\/12\/tio-de-nadal--1024x768.jpg 1024w, https:\/\/agora.xtec.cat\/ceip-jruyra-l-h\/wp-content\/uploads\/usu2049\/2023\/12\/tio-de-nadal--300x225.jpg 300w, https:\/\/agora.xtec.cat\/ceip-jruyra-l-h\/wp-content\/uploads\/usu2049\/2023\/12\/tio-de-nadal--768x576.jpg 768w, https:\/\/agora.xtec.cat\/ceip-jruyra-l-h\/wp-content\/uploads\/usu2049\/2023\/12\/tio-de-nadal--200x150.jpg 200w, https:\/\/agora.xtec.cat\/ceip-jruyra-l-h\/wp-content\/uploads\/usu2049\/2023\/12\/tio-de-nadal-.jpg 1200w\" sizes=\"auto, (max-width: 472px) 100vw, 472px\" \/>Ahir 18 de desembre, els nens i nenes de 1r i 2n de prim\u00e0ria, celebr\u00e0rem el\u00a0<span class=\"hiddenGrammarError\" style=\"padding-bottom: 2px; background-image: url('..\/..\/..\/..\/..\/images\/squiggle.png'); background-position: left bottom; cursor: default; color: #000000; font-family: 'Open Sans', Helvetica, Arial, sans-serif; font-size: 16px; font-style: normal; font-weight: 300; letter-spacing: normal; text-align: start; text-indent: 0px; text-transform: none;\">Caga Ti\u00f3<\/span>, per fer-ho possible vam estar cantant la can\u00e7\u00f3 del\u00a0<span class=\"hiddenGrammarError\" style=\"padding-bottom: 2px; background-image: url('..\/..\/..\/..\/..\/images\/squiggle.png'); background-position: left bottom; cursor: default; color: #000000; font-family: 'Open Sans', Helvetica, Arial, sans-serif; font-size: 16px; font-style: normal; font-weight: 300; letter-spacing: normal; text-align: start; text-indent: 0px; text-transform: none;\">Caga Ti\u00f3<\/span>\u00a0i el vam picar ben fort!<\/p>\n<p>Finalment, com que hem estat\u00a0tan\u00a0bons i bones, ens va cagar un munt de neules i torrons per totes les classes de Cicle Inicial! Vam estar ben contents\/es.<\/p>\n<p>Aqu\u00ed us deixem algunes <a href=\"https:\/\/drive.google.com\/drive\/folders\/1YaQCdrComy2p1hS938cFuddwTPHQXNKv?usp=sharing\">fotos<\/a> perqu\u00e8 pugueu veure com ens ho vam passar de b\u00e9!<\/p>\n","protected":false},"excerpt":{"rendered":"<p>Estimades fam\u00edlies,<br \/>\nAhir 18 de desembre, els nens i nenes de 1r i 2n de prim\u00e0ria, celebr\u00e0rem el\u00a0Caga Ti\u00f3, per fer-ho possible vam estar cantant la can\u00e7\u00f3 del\u00a0Caga Ti\u00f3\u00a0i el vam picar ben fort!<br \/>\nFinalment, com que hem estat\u00a0tan\u00a0bons i bones, ens va cagar un munt de&hellip;  <a href=\"https:\/\/agora.xtec.cat\/ceip-jruyra-l-h\/primaria\/caga-tio\/\" title=\"Read Caga Ti\u00f3\">Llegeix m\u00e9s\u00bb<\/a><\/p>\n","protected":false},"author":51,"featured_media":15043,"comment_status":"open","ping_status":"closed","sticky":false,"template":"","format":"standard","meta":{"_bbp_topic_count":0,"_bbp_reply_count":0,"_bbp_total_topic_count":0,"_bbp_total_reply_count":0,"_bbp_voice_count":0,"_bbp_anonymous_reply_count":0,"_bbp_topic_count_hidden":0,"_bbp_reply_count_hidden":0,"_bbp_forum_subforum_count":0,"footnotes":""},"categories":[10,11,5],"tags":[],"class_list":["post-15060","post","type-post","status-publish","format-standard","has-post-thumbnail","hentry","category-1r","category-2n","category-primaria"],"post_mailing_queue_ids":[],"_links":{"self":[{"href":"https:\/\/agora.xtec.cat\/ceip-jruyra-l-h\/wp-json\/wp\/v2\/posts\/15060","targetHints":{"allow":["GET"]}}],"collection":[{"href":"https:\/\/agora.xtec.cat\/ceip-jruyra-l-h\/wp-json\/wp\/v2\/posts"}],"about":[{"href":"https:\/\/agora.xtec.cat\/ceip-jruyra-l-h\/wp-json\/wp\/v2\/types\/post"}],"author":[{"embeddable":true,"href":"https:\/\/agora.xtec.cat\/ceip-jruyra-l-h\/wp-json\/wp\/v2\/users\/51"}],"replies":[{"embeddable":true,"href":"https:\/\/agora.xtec.cat\/ceip-jruyra-l-h\/wp-json\/wp\/v2\/comments?post=15060"}],"version-history":[{"count":2,"href":"https:\/\/agora.xtec.cat\/ceip-jruyra-l-h\/wp-json\/wp\/v2\/posts\/15060\/revisions"}],"predecessor-version":[{"id":15107,"href":"https:\/\/agora.xtec.cat\/ceip-jruyra-l-h\/wp-json\/wp\/v2\/posts\/15060\/revisions\/15107"}],"wp:featuredmedia":[{"embeddable":true,"href":"https:\/\/agora.xtec.cat\/ceip-jruyra-l-h\/wp-json\/wp\/v2\/media\/15043"}],"wp:attachment":[{"href":"https:\/\/agora.xtec.cat\/ceip-jruyra-l-h\/wp-json\/wp\/v2\/media?parent=15060"}],"wp:term":[{"taxonomy":"category","embeddable":true,"href":"https:\/\/agora.xtec.cat\/ceip-jruyra-l-h\/wp-json\/wp\/v2\/categories?post=15060"},{"taxonomy":"post_tag","embeddable":true,"href":"https:\/\/agora.xtec.cat\/ceip-jruyra-l-h\/wp-json\/wp\/v2\/tags?post=15060"}],"curies":[{"name":"wp","href":"https:\/\/api.w.org\/{rel}","templated":true}]}}