{"id":15038,"date":"2023-12-12T16:16:00","date_gmt":"2023-12-12T15:16:00","guid":{"rendered":"https:\/\/agora.xtec.cat\/ceip-jruyra-l-h\/?p=15038"},"modified":"2025-02-16T12:22:05","modified_gmt":"2025-02-16T11:22:05","slug":"preparem-carnaval","status":"publish","type":"post","link":"https:\/\/agora.xtec.cat\/ceip-jruyra-l-h\/general\/preparem-carnaval\/","title":{"rendered":"Preparem Carnaval?"},"content":{"rendered":"<p style=\"text-align: center;\">Sabem que \u00e9s molt d&#8217;hora, per\u00f2 volem convidar-vos a formar part de la nostra Comissi\u00f3 mixta de carnaval. Despr\u00e9s de Nadal tenim molt poc temps i volem marxar\u00a0de vacances amb els deures fets i d&#8217;aquesta forma aconseguir un carnestoltes inoblidable.<\/p>\n<p style=\"text-align: center;\"><strong>Aix\u00ed que us hi esperem!!!!! Animeu-vos.<\/strong><\/p>\n<p style=\"text-align: center;\"><img loading=\"lazy\" decoding=\"async\" class=\"alignnone size-large wp-image-15039\" src=\"https:\/\/agora.xtec.cat\/ceip-jruyra-l-h\/wp-content\/uploads\/usu2049\/2023\/12\/Purple-Illustration-Playful-Carnival-Party-Poster-576x768.jpg\" alt=\"\" width=\"576\" height=\"768\" srcset=\"https:\/\/agora.xtec.cat\/ceip-jruyra-l-h\/wp-content\/uploads\/usu2049\/2023\/12\/Purple-Illustration-Playful-Carnival-Party-Poster-576x768.jpg 576w, https:\/\/agora.xtec.cat\/ceip-jruyra-l-h\/wp-content\/uploads\/usu2049\/2023\/12\/Purple-Illustration-Playful-Carnival-Party-Poster-225x300.jpg 225w, https:\/\/agora.xtec.cat\/ceip-jruyra-l-h\/wp-content\/uploads\/usu2049\/2023\/12\/Purple-Illustration-Playful-Carnival-Party-Poster-768x1024.jpg 768w, https:\/\/agora.xtec.cat\/ceip-jruyra-l-h\/wp-content\/uploads\/usu2049\/2023\/12\/Purple-Illustration-Playful-Carnival-Party-Poster-1152x1536.jpg 1152w, https:\/\/agora.xtec.cat\/ceip-jruyra-l-h\/wp-content\/uploads\/usu2049\/2023\/12\/Purple-Illustration-Playful-Carnival-Party-Poster-1536x2048.jpg 1536w, https:\/\/agora.xtec.cat\/ceip-jruyra-l-h\/wp-content\/uploads\/usu2049\/2023\/12\/Purple-Illustration-Playful-Carnival-Party-Poster-scaled.jpg 1920w\" sizes=\"auto, (max-width: 576px) 100vw, 576px\" \/><\/p>\n","protected":false},"excerpt":{"rendered":"<p>Sabem que \u00e9s molt d&#8217;hora, per\u00f2 volem convidar-vos a formar part de la nostra Comissi\u00f3 mixta de carnaval. Despr\u00e9s de Nadal tenim molt poc temps i volem marxar\u00a0de vacances amb els deures fets i d&#8217;aquesta forma aconseguir un carnestoltes inoblidable.<br \/>\nAix\u00ed que us hi esperem!!!!! Animeu-vos.<\/p>\n","protected":false},"author":16,"featured_media":15039,"comment_status":"open","ping_status":"closed","sticky":false,"template":"","format":"standard","meta":{"_bbp_topic_count":0,"_bbp_reply_count":0,"_bbp_total_topic_count":0,"_bbp_total_reply_count":0,"_bbp_voice_count":0,"_bbp_anonymous_reply_count":0,"_bbp_topic_count_hidden":0,"_bbp_reply_count_hidden":0,"_bbp_forum_subforum_count":0,"footnotes":""},"categories":[60,1,4],"tags":[71,83,67],"class_list":["post-15038","post","type-post","status-publish","format-standard","has-post-thumbnail","hentry","category-cdaxarxa","category-general","category-portada","tag-actuacions-educatives-dexit","tag-comunitats-daprenentatge","tag-participacio-educativa-de-la-comunitat"],"post_mailing_queue_ids":[],"_links":{"self":[{"href":"https:\/\/agora.xtec.cat\/ceip-jruyra-l-h\/wp-json\/wp\/v2\/posts\/15038","targetHints":{"allow":["GET"]}}],"collection":[{"href":"https:\/\/agora.xtec.cat\/ceip-jruyra-l-h\/wp-json\/wp\/v2\/posts"}],"about":[{"href":"https:\/\/agora.xtec.cat\/ceip-jruyra-l-h\/wp-json\/wp\/v2\/types\/post"}],"author":[{"embeddable":true,"href":"https:\/\/agora.xtec.cat\/ceip-jruyra-l-h\/wp-json\/wp\/v2\/users\/16"}],"replies":[{"embeddable":true,"href":"https:\/\/agora.xtec.cat\/ceip-jruyra-l-h\/wp-json\/wp\/v2\/comments?post=15038"}],"version-history":[{"count":1,"href":"https:\/\/agora.xtec.cat\/ceip-jruyra-l-h\/wp-json\/wp\/v2\/posts\/15038\/revisions"}],"predecessor-version":[{"id":15040,"href":"https:\/\/agora.xtec.cat\/ceip-jruyra-l-h\/wp-json\/wp\/v2\/posts\/15038\/revisions\/15040"}],"wp:featuredmedia":[{"embeddable":true,"href":"https:\/\/agora.xtec.cat\/ceip-jruyra-l-h\/wp-json\/wp\/v2\/media\/15039"}],"wp:attachment":[{"href":"https:\/\/agora.xtec.cat\/ceip-jruyra-l-h\/wp-json\/wp\/v2\/media?parent=15038"}],"wp:term":[{"taxonomy":"category","embeddable":true,"href":"https:\/\/agora.xtec.cat\/ceip-jruyra-l-h\/wp-json\/wp\/v2\/categories?post=15038"},{"taxonomy":"post_tag","embeddable":true,"href":"https:\/\/agora.xtec.cat\/ceip-jruyra-l-h\/wp-json\/wp\/v2\/tags?post=15038"}],"curies":[{"name":"wp","href":"https:\/\/api.w.org\/{rel}","templated":true}]}}