{"id":15029,"date":"2023-12-10T19:17:53","date_gmt":"2023-12-10T18:17:53","guid":{"rendered":"https:\/\/agora.xtec.cat\/ceip-jruyra-l-h\/?p=15029"},"modified":"2025-02-16T12:22:05","modified_gmt":"2025-02-16T11:22:05","slug":"i3a-fan-tertulies-artistiques","status":"publish","type":"post","link":"https:\/\/agora.xtec.cat\/ceip-jruyra-l-h\/general\/i3a-fan-tertulies-artistiques\/","title":{"rendered":"I3A    FAN TERT\u00daLIES ART\u00cdSTIQUES"},"content":{"rendered":"<p><img loading=\"lazy\" decoding=\"async\" class=\"alignnone size-large wp-image-15036\" src=\"https:\/\/agora.xtec.cat\/ceip-jruyra-l-h\/wp-content\/uploads\/usu2049\/2023\/12\/descarga-1-1024x576.jpg\" alt=\"\" width=\"1024\" height=\"576\" srcset=\"https:\/\/agora.xtec.cat\/ceip-jruyra-l-h\/wp-content\/uploads\/usu2049\/2023\/12\/descarga-1-1024x576.jpg 1024w, https:\/\/agora.xtec.cat\/ceip-jruyra-l-h\/wp-content\/uploads\/usu2049\/2023\/12\/descarga-1-300x169.jpg 300w, https:\/\/agora.xtec.cat\/ceip-jruyra-l-h\/wp-content\/uploads\/usu2049\/2023\/12\/descarga-1-768x432.jpg 768w, https:\/\/agora.xtec.cat\/ceip-jruyra-l-h\/wp-content\/uploads\/usu2049\/2023\/12\/descarga-1-1536x864.jpg 1536w, https:\/\/agora.xtec.cat\/ceip-jruyra-l-h\/wp-content\/uploads\/usu2049\/2023\/12\/descarga-1.jpg 1600w\" sizes=\"auto, (max-width: 1024px) 100vw, 1024px\" \/><\/p>\n<p>Hola, fam\u00edlies<br \/>\nAlg\u00fa coneix aquest quadre?<br \/>\nHem preguntat als vostres fills i filles si el coneixien i la seva resposta ha estat que no, per\u00f2 no ha estat cap obstacle per parlar-ne, d&#8217;ell.<br \/>\nHem estat petits cr\u00edtics, tertulians i narradors del que veiem en aquesta composici\u00f3: el seu color, els seus personatges, el gos, el senyor que pintava dins del quadre i de detalls sorprenents que han anat sortint a poc a poc.<br \/>\nDespr\u00e9s hem dit el nom del pintor i hem, localitzats d&#8217;un en un, a Vel\u00e1zquez dins de la seva pr\u00f2pia composici\u00f3 i l&#8217;hem pintat amb aquarel\u00b7les dels colors de les nostres taules (el vermell, el verd, el blau i el groc).<br \/>\nEns ho hem passat genial.<\/p>\n<p>Aqu\u00ed veureu unes fotos de l&#8217;activitat: TERT\u00daLIES ART\u00cdSTIQUES.<\/p>\n<p><a href=\"https:\/\/drive.google.com\/drive\/folders\/1jcGQsbOyNCFMCH0di2AthP5kITmGb3CS?usp=sharing\">https:\/\/drive.google.com\/drive\/folders\/1jcGQsbOyNCFMCH0di2AthP5kITmGb3CS?usp=sharing<\/a><\/p>\n<p>Que la farem una vegada per trimestre.<br \/>\nEstem esperant, el pr\u00f2xim quadre!!!!<\/p>\n","protected":false},"excerpt":{"rendered":"<p>Hola, fam\u00edlies<br \/>\nAlg\u00fa coneix aquest quadre?<br \/>\nHem preguntat als vostres fills i filles si el coneixien i la seva resposta ha estat que no, per\u00f2 no ha estat cap obstacle per parlar-ne, d&#8217;ell.<br \/>\nHem estat petits cr\u00edtics, tertulians i narradors del que veiem en aquesta composici\u00f3: el seu&hellip;  <a href=\"https:\/\/agora.xtec.cat\/ceip-jruyra-l-h\/general\/i3a-fan-tertulies-artistiques\/\" title=\"Read I3A    FAN TERT\u00daLIES ART\u00cdSTIQUES\">Llegeix m\u00e9s\u00bb<\/a><\/p>\n","protected":false},"author":1,"featured_media":15030,"comment_status":"open","ping_status":"closed","sticky":false,"template":"","format":"standard","meta":{"_bbp_topic_count":0,"_bbp_reply_count":0,"_bbp_total_topic_count":0,"_bbp_total_reply_count":0,"_bbp_voice_count":0,"_bbp_anonymous_reply_count":0,"_bbp_topic_count_hidden":0,"_bbp_reply_count_hidden":0,"_bbp_forum_subforum_count":0,"footnotes":""},"categories":[60,1,2,3,4],"tags":[71,83,63],"class_list":["post-15029","post","type-post","status-publish","format-standard","has-post-thumbnail","hentry","category-cdaxarxa","category-general","category-infantil","category-i3","category-portada","tag-actuacions-educatives-dexit","tag-comunitats-daprenentatge","tag-tertulies-dialogiques"],"post_mailing_queue_ids":[],"_links":{"self":[{"href":"https:\/\/agora.xtec.cat\/ceip-jruyra-l-h\/wp-json\/wp\/v2\/posts\/15029","targetHints":{"allow":["GET"]}}],"collection":[{"href":"https:\/\/agora.xtec.cat\/ceip-jruyra-l-h\/wp-json\/wp\/v2\/posts"}],"about":[{"href":"https:\/\/agora.xtec.cat\/ceip-jruyra-l-h\/wp-json\/wp\/v2\/types\/post"}],"author":[{"embeddable":true,"href":"https:\/\/agora.xtec.cat\/ceip-jruyra-l-h\/wp-json\/wp\/v2\/users\/1"}],"replies":[{"embeddable":true,"href":"https:\/\/agora.xtec.cat\/ceip-jruyra-l-h\/wp-json\/wp\/v2\/comments?post=15029"}],"version-history":[{"count":4,"href":"https:\/\/agora.xtec.cat\/ceip-jruyra-l-h\/wp-json\/wp\/v2\/posts\/15029\/revisions"}],"predecessor-version":[{"id":15037,"href":"https:\/\/agora.xtec.cat\/ceip-jruyra-l-h\/wp-json\/wp\/v2\/posts\/15029\/revisions\/15037"}],"wp:featuredmedia":[{"embeddable":true,"href":"https:\/\/agora.xtec.cat\/ceip-jruyra-l-h\/wp-json\/wp\/v2\/media\/15030"}],"wp:attachment":[{"href":"https:\/\/agora.xtec.cat\/ceip-jruyra-l-h\/wp-json\/wp\/v2\/media?parent=15029"}],"wp:term":[{"taxonomy":"category","embeddable":true,"href":"https:\/\/agora.xtec.cat\/ceip-jruyra-l-h\/wp-json\/wp\/v2\/categories?post=15029"},{"taxonomy":"post_tag","embeddable":true,"href":"https:\/\/agora.xtec.cat\/ceip-jruyra-l-h\/wp-json\/wp\/v2\/tags?post=15029"}],"curies":[{"name":"wp","href":"https:\/\/api.w.org\/{rel}","templated":true}]}}