{"id":15023,"date":"2023-12-07T19:52:16","date_gmt":"2023-12-07T18:52:16","guid":{"rendered":"https:\/\/agora.xtec.cat\/ceip-jruyra-l-h\/?p=15023"},"modified":"2023-12-07T19:52:16","modified_gmt":"2023-12-07T18:52:16","slug":"una-nova-activitat-di3-a","status":"publish","type":"post","link":"https:\/\/agora.xtec.cat\/ceip-jruyra-l-h\/infantil\/una-nova-activitat-di3-a\/","title":{"rendered":"UNA NOVA ACTIVITAT D&#8217;I3 A"},"content":{"rendered":"<p>Hola, fam\u00edlies!<br \/>\nComencem una activitat nova, que durar\u00e0 tot el curs, s&#8217;anomena EL CAP DE SETMANA. Consisteix que un nen o nena \u00e9s el protagonista i el narrador de les seves viv\u00e8ncies.<\/p>\n<p>Els vostres fills i filles ens explicaran a trav\u00e9s de fotos o petits v\u00eddeos, elaborats per vosaltres, fets i curiositats que heu pogut viure la fam\u00edlia aquests dos dies de festa. Potenciar\u00e0 aix\u00ed l&#8217;expressi\u00f3 oral i la posada en p\u00fablic.<\/p>\n<p>No patiu, m\u00e9s d&#8217;un s&#8217;ha quedat mut\/da i no ha passat res. D&#8217;altres deien el que pensaven i d&#8217;altres el que havia passat. \u00c9s per passar una petita estona sent ells\/es els protagonistes i per con\u00e8ixer-nos millor.<\/p>\n<p>Ja hem tingut tres fam\u00edlies que han col\u00b7laborat i tenim els resultats :<\/p>\n<p>CAP DE SETMANA\u00a0 DE LA\u00a0 NOA DEL 17 DE NOVEMBRE DEL 2023<\/p>\n<p><a href=\"https:\/\/drive.google.com\/drive\/folders\/1w_0DSK0Om0i3Un-WidV0gZphWiIGqy3T?usp=drive_link\">https:\/\/drive.google.com\/drive\/folders\/1w_0DSK0Om0i3Un-WidV0gZphWiIGqy3T?usp=drive_link<\/a><\/p>\n<p>CAP DE SETMANA\u00a0 DE L&#8217;EMMA DEL 24 DE NOVEMBRE DEL 2023<\/p>\n<p><a href=\"https:\/\/drive.google.com\/drive\/folders\/1WqmaUw4gcKa9_-LdZp_8iqRUnRFF1GuO?usp=drive_link\">https:\/\/drive.google.com\/drive\/folders\/1WqmaUw4gcKa9_-LdZp_8iqRUnRFF1GuO?usp=drive_link<\/a><\/p>\n<p>CAP DE SETMANA D&#8217;EN LUIS DE L&#8217;1 DE DESEMBRE DEL 2023<\/p>\n<p><a href=\"https:\/\/drive.google.com\/drive\/folders\/1pRJlde1pSKs9z3sGzaAaWtQviy43Anb2?usp=drive_link\">https:\/\/drive.google.com\/drive\/folders\/1pRJlde1pSKs9z3sGzaAaWtQviy43Anb2?usp=drive_link<\/a><\/p>\n<p>&nbsp;<\/p>\n<p>Abans que acabi l&#8217;any farem un altre entrada al blog d&#8217;aquesta activitat, la resta per L&#8217;ANY QUE VE<\/p>\n<p>&nbsp;<\/p>\n","protected":false},"excerpt":{"rendered":"<p>ACTIVITAT ORAL DEL CAP DE SETMANA&hellip;  <a href=\"https:\/\/agora.xtec.cat\/ceip-jruyra-l-h\/infantil\/una-nova-activitat-di3-a\/\" title=\"Read UNA NOVA ACTIVITAT D&#8217;I3 A\">Llegeix m\u00e9s\u00bb<\/a><\/p>\n","protected":false},"author":1,"featured_media":15026,"comment_status":"open","ping_status":"closed","sticky":false,"template":"","format":"standard","meta":{"_bbp_topic_count":0,"_bbp_reply_count":0,"_bbp_total_topic_count":0,"_bbp_total_reply_count":0,"_bbp_voice_count":0,"_bbp_anonymous_reply_count":0,"_bbp_topic_count_hidden":0,"_bbp_reply_count_hidden":0,"_bbp_forum_subforum_count":0,"footnotes":""},"categories":[2,3],"tags":[],"class_list":["post-15023","post","type-post","status-publish","format-standard","has-post-thumbnail","hentry","category-infantil","category-i3"],"post_mailing_queue_ids":[],"_links":{"self":[{"href":"https:\/\/agora.xtec.cat\/ceip-jruyra-l-h\/wp-json\/wp\/v2\/posts\/15023","targetHints":{"allow":["GET"]}}],"collection":[{"href":"https:\/\/agora.xtec.cat\/ceip-jruyra-l-h\/wp-json\/wp\/v2\/posts"}],"about":[{"href":"https:\/\/agora.xtec.cat\/ceip-jruyra-l-h\/wp-json\/wp\/v2\/types\/post"}],"author":[{"embeddable":true,"href":"https:\/\/agora.xtec.cat\/ceip-jruyra-l-h\/wp-json\/wp\/v2\/users\/1"}],"replies":[{"embeddable":true,"href":"https:\/\/agora.xtec.cat\/ceip-jruyra-l-h\/wp-json\/wp\/v2\/comments?post=15023"}],"version-history":[{"count":2,"href":"https:\/\/agora.xtec.cat\/ceip-jruyra-l-h\/wp-json\/wp\/v2\/posts\/15023\/revisions"}],"predecessor-version":[{"id":15025,"href":"https:\/\/agora.xtec.cat\/ceip-jruyra-l-h\/wp-json\/wp\/v2\/posts\/15023\/revisions\/15025"}],"wp:featuredmedia":[{"embeddable":true,"href":"https:\/\/agora.xtec.cat\/ceip-jruyra-l-h\/wp-json\/wp\/v2\/media\/15026"}],"wp:attachment":[{"href":"https:\/\/agora.xtec.cat\/ceip-jruyra-l-h\/wp-json\/wp\/v2\/media?parent=15023"}],"wp:term":[{"taxonomy":"category","embeddable":true,"href":"https:\/\/agora.xtec.cat\/ceip-jruyra-l-h\/wp-json\/wp\/v2\/categories?post=15023"},{"taxonomy":"post_tag","embeddable":true,"href":"https:\/\/agora.xtec.cat\/ceip-jruyra-l-h\/wp-json\/wp\/v2\/tags?post=15023"}],"curies":[{"name":"wp","href":"https:\/\/api.w.org\/{rel}","templated":true}]}}