{"id":14990,"date":"2023-11-22T09:43:23","date_gmt":"2023-11-22T08:43:23","guid":{"rendered":"https:\/\/agora.xtec.cat\/ceip-jruyra-l-h\/?p=14990"},"modified":"2023-11-22T09:43:31","modified_gmt":"2023-11-22T08:43:31","slug":"cross-escolar-solidari-2023","status":"publish","type":"post","link":"https:\/\/agora.xtec.cat\/ceip-jruyra-l-h\/general\/cross-escolar-solidari-2023\/","title":{"rendered":"Cross Escolar Solidari 2023"},"content":{"rendered":"<p>Els nens i nenes del Joaquim\u00a0<span class=\"hiddenSpellError\">Ruyra<\/span>\u00a0van poder participar\u00a0<span class=\"hiddenGrammarError\" style=\"padding-bottom: 2px; background-image: url('..\/..\/..\/..\/..\/images\/squiggle.png'); background-position: left bottom; cursor: default; color: #000000; font-family: 'Open Sans', Helvetica, Arial, sans-serif; font-size: 16px; font-style: normal; font-weight: 300; letter-spacing: normal; text-align: start; text-indent: 0px; text-transform: none;\">al<\/span>\u00a0<span class=\"hiddenSpellError\">Cross<\/span> Escolar Solidari organitzat pel Consell esportiu de L&#8217;Hospitalet i que va tindre lloc el passat dissabte 18 de novembre al Circuit de la Feixa Llarga (barri de Bellvitge). Tots els esportistes arribats a meta van rebre una motxilla amb obsequis i una medalla commemorativa. El\u00a0<span class=\"hiddenSpellError\">Cross<\/span>\u00a0Escolar de\u00a0<span class=\"hiddenGrammarError\" style=\"padding-bottom: 2px; background-image: url('..\/..\/..\/..\/..\/images\/squiggle.png'); background-position: left bottom; cursor: default; color: #000000; font-family: 'Open Sans', Helvetica, Arial, sans-serif; font-size: 16px; font-style: normal; font-weight: 300; letter-spacing: normal; text-align: start; text-indent: 0px; text-transform: none;\">L&#8217;<\/span>Hospitalet va estar vinculat a la commemoraci\u00f3 del dia Universal dels drets dels infants per aquesta ra\u00f3 es\u00a0<span class=\"hiddenGrammarError\" style=\"padding-bottom: 2px; background-image: url('..\/..\/..\/..\/..\/images\/squiggle.png'); background-position: left bottom; cursor: default; color: #000000; font-family: 'Open Sans', Helvetica, Arial, sans-serif; font-size: 16px; font-style: normal; font-weight: 300; letter-spacing: normal; text-align: start; text-indent: 0px; text-transform: none;\">va<\/span>\u00a0fer una lectura del manifest a la tarima d&#8217;autoritats. Inflables i d&#8217;altres activitats per als m\u00e9s petits van fer gaudir els nens i nenes de la nostra escola d&#8217;una matinal d&#8217;esport a la nostra ciutat. Enhorabona a tots els participants i gr\u00e0cies a les fam\u00edlies per la vostra predisposici\u00f3.<\/p>\n<p><img loading=\"lazy\" decoding=\"async\" class=\"alignnone size-full wp-image-14991\" src=\"https:\/\/agora.xtec.cat\/ceip-jruyra-l-h\/wp-content\/uploads\/usu2049\/2023\/11\/Cross-Escolar-1.jpg\" alt=\"\" width=\"738\" height=\"762\" srcset=\"https:\/\/agora.xtec.cat\/ceip-jruyra-l-h\/wp-content\/uploads\/usu2049\/2023\/11\/Cross-Escolar-1.jpg 738w, https:\/\/agora.xtec.cat\/ceip-jruyra-l-h\/wp-content\/uploads\/usu2049\/2023\/11\/Cross-Escolar-1-291x300.jpg 291w\" sizes=\"auto, (max-width: 738px) 100vw, 738px\" \/> <img loading=\"lazy\" decoding=\"async\" class=\"alignnone size-large wp-image-14992\" src=\"https:\/\/agora.xtec.cat\/ceip-jruyra-l-h\/wp-content\/uploads\/usu2049\/2023\/11\/Cross-Escolar-2-354x768.jpg\" alt=\"\" width=\"354\" height=\"768\" srcset=\"https:\/\/agora.xtec.cat\/ceip-jruyra-l-h\/wp-content\/uploads\/usu2049\/2023\/11\/Cross-Escolar-2-354x768.jpg 354w, https:\/\/agora.xtec.cat\/ceip-jruyra-l-h\/wp-content\/uploads\/usu2049\/2023\/11\/Cross-Escolar-2-138x300.jpg 138w, https:\/\/agora.xtec.cat\/ceip-jruyra-l-h\/wp-content\/uploads\/usu2049\/2023\/11\/Cross-Escolar-2-768x1664.jpg 768w, https:\/\/agora.xtec.cat\/ceip-jruyra-l-h\/wp-content\/uploads\/usu2049\/2023\/11\/Cross-Escolar-2-709x1536.jpg 709w, https:\/\/agora.xtec.cat\/ceip-jruyra-l-h\/wp-content\/uploads\/usu2049\/2023\/11\/Cross-Escolar-2.jpg 945w\" sizes=\"auto, (max-width: 354px) 100vw, 354px\" \/><img loading=\"lazy\" decoding=\"async\" class=\"alignnone size-large wp-image-14993\" src=\"https:\/\/agora.xtec.cat\/ceip-jruyra-l-h\/wp-content\/uploads\/usu2049\/2023\/11\/Cross-Escolar-3-354x768.jpg\" alt=\"\" width=\"354\" height=\"768\" srcset=\"https:\/\/agora.xtec.cat\/ceip-jruyra-l-h\/wp-content\/uploads\/usu2049\/2023\/11\/Cross-Escolar-3-354x768.jpg 354w, https:\/\/agora.xtec.cat\/ceip-jruyra-l-h\/wp-content\/uploads\/usu2049\/2023\/11\/Cross-Escolar-3-138x300.jpg 138w, https:\/\/agora.xtec.cat\/ceip-jruyra-l-h\/wp-content\/uploads\/usu2049\/2023\/11\/Cross-Escolar-3-768x1664.jpg 768w, https:\/\/agora.xtec.cat\/ceip-jruyra-l-h\/wp-content\/uploads\/usu2049\/2023\/11\/Cross-Escolar-3-709x1536.jpg 709w, https:\/\/agora.xtec.cat\/ceip-jruyra-l-h\/wp-content\/uploads\/usu2049\/2023\/11\/Cross-Escolar-3.jpg 945w\" sizes=\"auto, (max-width: 354px) 100vw, 354px\" \/><img loading=\"lazy\" decoding=\"async\" class=\"alignnone size-large wp-image-14994\" src=\"https:\/\/agora.xtec.cat\/ceip-jruyra-l-h\/wp-content\/uploads\/usu2049\/2023\/11\/Cross-Escolar-4-354x768.jpg\" alt=\"\" width=\"354\" height=\"768\" srcset=\"https:\/\/agora.xtec.cat\/ceip-jruyra-l-h\/wp-content\/uploads\/usu2049\/2023\/11\/Cross-Escolar-4-354x768.jpg 354w, https:\/\/agora.xtec.cat\/ceip-jruyra-l-h\/wp-content\/uploads\/usu2049\/2023\/11\/Cross-Escolar-4-138x300.jpg 138w, https:\/\/agora.xtec.cat\/ceip-jruyra-l-h\/wp-content\/uploads\/usu2049\/2023\/11\/Cross-Escolar-4-708x1536.jpg 708w, https:\/\/agora.xtec.cat\/ceip-jruyra-l-h\/wp-content\/uploads\/usu2049\/2023\/11\/Cross-Escolar-4.jpg 738w\" sizes=\"auto, (max-width: 354px) 100vw, 354px\" \/><img loading=\"lazy\" decoding=\"async\" class=\"alignnone size-large wp-image-14995\" src=\"https:\/\/agora.xtec.cat\/ceip-jruyra-l-h\/wp-content\/uploads\/usu2049\/2023\/11\/Cross-Escolar-5-354x768.jpg\" alt=\"\" width=\"354\" height=\"768\" srcset=\"https:\/\/agora.xtec.cat\/ceip-jruyra-l-h\/wp-content\/uploads\/usu2049\/2023\/11\/Cross-Escolar-5-354x768.jpg 354w, https:\/\/agora.xtec.cat\/ceip-jruyra-l-h\/wp-content\/uploads\/usu2049\/2023\/11\/Cross-Escolar-5-138x300.jpg 138w, https:\/\/agora.xtec.cat\/ceip-jruyra-l-h\/wp-content\/uploads\/usu2049\/2023\/11\/Cross-Escolar-5-708x1536.jpg 708w, https:\/\/agora.xtec.cat\/ceip-jruyra-l-h\/wp-content\/uploads\/usu2049\/2023\/11\/Cross-Escolar-5.jpg 738w\" sizes=\"auto, (max-width: 354px) 100vw, 354px\" \/> <img loading=\"lazy\" decoding=\"async\" class=\"alignnone size-large wp-image-14996\" src=\"https:\/\/agora.xtec.cat\/ceip-jruyra-l-h\/wp-content\/uploads\/usu2049\/2023\/11\/Cross-Escolar-6jpg-354x768.jpg\" alt=\"\" width=\"354\" height=\"768\" srcset=\"https:\/\/agora.xtec.cat\/ceip-jruyra-l-h\/wp-content\/uploads\/usu2049\/2023\/11\/Cross-Escolar-6jpg-354x768.jpg 354w, https:\/\/agora.xtec.cat\/ceip-jruyra-l-h\/wp-content\/uploads\/usu2049\/2023\/11\/Cross-Escolar-6jpg-138x300.jpg 138w, https:\/\/agora.xtec.cat\/ceip-jruyra-l-h\/wp-content\/uploads\/usu2049\/2023\/11\/Cross-Escolar-6jpg-768x1664.jpg 768w, https:\/\/agora.xtec.cat\/ceip-jruyra-l-h\/wp-content\/uploads\/usu2049\/2023\/11\/Cross-Escolar-6jpg-709x1536.jpg 709w, https:\/\/agora.xtec.cat\/ceip-jruyra-l-h\/wp-content\/uploads\/usu2049\/2023\/11\/Cross-Escolar-6jpg.jpg 945w\" sizes=\"auto, (max-width: 354px) 100vw, 354px\" \/> <img loading=\"lazy\" decoding=\"async\" class=\"alignnone size-large wp-image-14997\" src=\"https:\/\/agora.xtec.cat\/ceip-jruyra-l-h\/wp-content\/uploads\/usu2049\/2023\/11\/Cross-Escolar-7-354x768.jpg\" alt=\"\" width=\"354\" height=\"768\" srcset=\"https:\/\/agora.xtec.cat\/ceip-jruyra-l-h\/wp-content\/uploads\/usu2049\/2023\/11\/Cross-Escolar-7-354x768.jpg 354w, https:\/\/agora.xtec.cat\/ceip-jruyra-l-h\/wp-content\/uploads\/usu2049\/2023\/11\/Cross-Escolar-7-138x300.jpg 138w, https:\/\/agora.xtec.cat\/ceip-jruyra-l-h\/wp-content\/uploads\/usu2049\/2023\/11\/Cross-Escolar-7-768x1664.jpg 768w, https:\/\/agora.xtec.cat\/ceip-jruyra-l-h\/wp-content\/uploads\/usu2049\/2023\/11\/Cross-Escolar-7-709x1536.jpg 709w, https:\/\/agora.xtec.cat\/ceip-jruyra-l-h\/wp-content\/uploads\/usu2049\/2023\/11\/Cross-Escolar-7.jpg 945w\" sizes=\"auto, (max-width: 354px) 100vw, 354px\" \/> <img loading=\"lazy\" decoding=\"async\" class=\"alignnone size-large wp-image-14998\" src=\"https:\/\/agora.xtec.cat\/ceip-jruyra-l-h\/wp-content\/uploads\/usu2049\/2023\/11\/Cross-Escolar-8-354x768.jpg\" alt=\"\" width=\"354\" height=\"768\" srcset=\"https:\/\/agora.xtec.cat\/ceip-jruyra-l-h\/wp-content\/uploads\/usu2049\/2023\/11\/Cross-Escolar-8-354x768.jpg 354w, https:\/\/agora.xtec.cat\/ceip-jruyra-l-h\/wp-content\/uploads\/usu2049\/2023\/11\/Cross-Escolar-8-138x300.jpg 138w, https:\/\/agora.xtec.cat\/ceip-jruyra-l-h\/wp-content\/uploads\/usu2049\/2023\/11\/Cross-Escolar-8-768x1664.jpg 768w, https:\/\/agora.xtec.cat\/ceip-jruyra-l-h\/wp-content\/uploads\/usu2049\/2023\/11\/Cross-Escolar-8-709x1536.jpg 709w, https:\/\/agora.xtec.cat\/ceip-jruyra-l-h\/wp-content\/uploads\/usu2049\/2023\/11\/Cross-Escolar-8.jpg 945w\" sizes=\"auto, (max-width: 354px) 100vw, 354px\" \/> <img loading=\"lazy\" decoding=\"async\" class=\"alignnone size-large wp-image-14999\" src=\"https:\/\/agora.xtec.cat\/ceip-jruyra-l-h\/wp-content\/uploads\/usu2049\/2023\/11\/Cross-Escolar-9-354x768.jpg\" alt=\"\" width=\"354\" height=\"768\" srcset=\"https:\/\/agora.xtec.cat\/ceip-jruyra-l-h\/wp-content\/uploads\/usu2049\/2023\/11\/Cross-Escolar-9-354x768.jpg 354w, https:\/\/agora.xtec.cat\/ceip-jruyra-l-h\/wp-content\/uploads\/usu2049\/2023\/11\/Cross-Escolar-9-138x300.jpg 138w, https:\/\/agora.xtec.cat\/ceip-jruyra-l-h\/wp-content\/uploads\/usu2049\/2023\/11\/Cross-Escolar-9-768x1664.jpg 768w, https:\/\/agora.xtec.cat\/ceip-jruyra-l-h\/wp-content\/uploads\/usu2049\/2023\/11\/Cross-Escolar-9-709x1536.jpg 709w, https:\/\/agora.xtec.cat\/ceip-jruyra-l-h\/wp-content\/uploads\/usu2049\/2023\/11\/Cross-Escolar-9.jpg 945w\" sizes=\"auto, (max-width: 354px) 100vw, 354px\" \/> <img loading=\"lazy\" decoding=\"async\" class=\"alignnone size-large wp-image-15000\" src=\"https:\/\/agora.xtec.cat\/ceip-jruyra-l-h\/wp-content\/uploads\/usu2049\/2023\/11\/Cross-Escolar23-1024x473.jpg\" alt=\"\" width=\"1024\" height=\"473\" srcset=\"https:\/\/agora.xtec.cat\/ceip-jruyra-l-h\/wp-content\/uploads\/usu2049\/2023\/11\/Cross-Escolar23-1024x473.jpg 1024w, https:\/\/agora.xtec.cat\/ceip-jruyra-l-h\/wp-content\/uploads\/usu2049\/2023\/11\/Cross-Escolar23-300x138.jpg 300w, https:\/\/agora.xtec.cat\/ceip-jruyra-l-h\/wp-content\/uploads\/usu2049\/2023\/11\/Cross-Escolar23-768x354.jpg 768w, https:\/\/agora.xtec.cat\/ceip-jruyra-l-h\/wp-content\/uploads\/usu2049\/2023\/11\/Cross-Escolar23-1536x709.jpg 1536w, https:\/\/agora.xtec.cat\/ceip-jruyra-l-h\/wp-content\/uploads\/usu2049\/2023\/11\/Cross-Escolar23.jpg 2048w\" sizes=\"auto, (max-width: 1024px) 100vw, 1024px\" \/><\/p>\n","protected":false},"excerpt":{"rendered":"<p>Els nens i nenes del Joaquim\u00a0Ruyra\u00a0van poder participar\u00a0al\u00a0Cross Escolar Solidari organitzat pel Consell esportiu de L&#8217;Hospitalet i que va tindre lloc el passat dissabte 18 de novembre al Circuit de la Feixa Llarga (barri de Bellvitge). Tots els esportistes arribats a meta van rebre una&hellip;  <a href=\"https:\/\/agora.xtec.cat\/ceip-jruyra-l-h\/general\/cross-escolar-solidari-2023\/\" title=\"Read Cross Escolar Solidari 2023\">Llegeix m\u00e9s\u00bb<\/a><\/p>\n","protected":false},"author":35,"featured_media":15000,"comment_status":"open","ping_status":"closed","sticky":false,"template":"","format":"standard","meta":{"_bbp_topic_count":0,"_bbp_reply_count":0,"_bbp_total_topic_count":0,"_bbp_total_reply_count":0,"_bbp_voice_count":0,"_bbp_anonymous_reply_count":0,"_bbp_topic_count_hidden":0,"_bbp_reply_count_hidden":0,"_bbp_forum_subforum_count":0,"footnotes":""},"categories":[10,11,12,13,14,15,1],"tags":[],"class_list":["post-14990","post","type-post","status-publish","format-standard","has-post-thumbnail","hentry","category-1r","category-2n","category-3r","category-4t","category-5e","category-6e","category-general"],"post_mailing_queue_ids":[],"_links":{"self":[{"href":"https:\/\/agora.xtec.cat\/ceip-jruyra-l-h\/wp-json\/wp\/v2\/posts\/14990","targetHints":{"allow":["GET"]}}],"collection":[{"href":"https:\/\/agora.xtec.cat\/ceip-jruyra-l-h\/wp-json\/wp\/v2\/posts"}],"about":[{"href":"https:\/\/agora.xtec.cat\/ceip-jruyra-l-h\/wp-json\/wp\/v2\/types\/post"}],"author":[{"embeddable":true,"href":"https:\/\/agora.xtec.cat\/ceip-jruyra-l-h\/wp-json\/wp\/v2\/users\/35"}],"replies":[{"embeddable":true,"href":"https:\/\/agora.xtec.cat\/ceip-jruyra-l-h\/wp-json\/wp\/v2\/comments?post=14990"}],"version-history":[{"count":2,"href":"https:\/\/agora.xtec.cat\/ceip-jruyra-l-h\/wp-json\/wp\/v2\/posts\/14990\/revisions"}],"predecessor-version":[{"id":15002,"href":"https:\/\/agora.xtec.cat\/ceip-jruyra-l-h\/wp-json\/wp\/v2\/posts\/14990\/revisions\/15002"}],"wp:featuredmedia":[{"embeddable":true,"href":"https:\/\/agora.xtec.cat\/ceip-jruyra-l-h\/wp-json\/wp\/v2\/media\/15000"}],"wp:attachment":[{"href":"https:\/\/agora.xtec.cat\/ceip-jruyra-l-h\/wp-json\/wp\/v2\/media?parent=14990"}],"wp:term":[{"taxonomy":"category","embeddable":true,"href":"https:\/\/agora.xtec.cat\/ceip-jruyra-l-h\/wp-json\/wp\/v2\/categories?post=14990"},{"taxonomy":"post_tag","embeddable":true,"href":"https:\/\/agora.xtec.cat\/ceip-jruyra-l-h\/wp-json\/wp\/v2\/tags?post=14990"}],"curies":[{"name":"wp","href":"https:\/\/api.w.org\/{rel}","templated":true}]}}