{"id":14985,"date":"2023-11-20T07:17:21","date_gmt":"2023-11-20T06:17:21","guid":{"rendered":"https:\/\/agora.xtec.cat\/ceip-jruyra-l-h\/?p=14985"},"modified":"2023-11-20T07:17:21","modified_gmt":"2023-11-20T06:17:21","slug":"i5-tast-de-la-tardor","status":"publish","type":"post","link":"https:\/\/agora.xtec.cat\/ceip-jruyra-l-h\/infantil\/i5\/i5-tast-de-la-tardor\/","title":{"rendered":"I5: Tast de la Tardor"},"content":{"rendered":"<p><img loading=\"lazy\" decoding=\"async\" class=\"alignnone size-full wp-image-14986\" src=\"https:\/\/agora.xtec.cat\/ceip-jruyra-l-h\/wp-content\/uploads\/usu2049\/2023\/11\/gran-surtido-frutas-uvas-frutos-secos-bodegon-otono_75924-18276.jpg\" alt=\"\" width=\"313\" height=\"209\" srcset=\"https:\/\/agora.xtec.cat\/ceip-jruyra-l-h\/wp-content\/uploads\/usu2049\/2023\/11\/gran-surtido-frutas-uvas-frutos-secos-bodegon-otono_75924-18276.jpg 313w, https:\/\/agora.xtec.cat\/ceip-jruyra-l-h\/wp-content\/uploads\/usu2049\/2023\/11\/gran-surtido-frutas-uvas-frutos-secos-bodegon-otono_75924-18276-300x200.jpg 300w\" sizes=\"auto, (max-width: 313px) 100vw, 313px\" \/><\/p>\n<p style=\"background: white; margin: 0cm 0cm 15.0pt 0cm;\"><span style=\"font-family: 'Open Sans',sans-serif; color: #444444;\">Per celebrar la tardor, aquest mes de Novembre a Infantil hem fet un tast de tardor!!<\/span><\/p>\n<p style=\"background: white; text-align: start; margin: 0cm 0cm 15.0pt 0cm;\"><span style=\"font-family: 'Open Sans',sans-serif; color: #444444;\">Els nens i les nenes de les dues classes de I5A i I5B han portat fruites i fruits secs d\u2019aquesta estaci\u00f3 i ens hem ajuntat per fer un esmorzar ben saludable. All\u00e0 hem apr\u00e8s coses sobre les diferents fruites i fruits secs, els hem observat, tocat, olorat, hem buscat semblances i difer\u00e8ncies i despr\u00e8s hem pogut tastar tot el que hav\u00edem portat.<\/span><\/p>\n<p style=\"background: white; text-align: start; margin: 0cm 0cm 15.0pt 0cm;\"><span style=\"font-family: 'Open Sans',sans-serif; color: #444444;\">A tothom li ha agradat molt aquest tast ja que han descobert nous sabors i el m\u00e9s important, els han compartit amb amics i amigues.<\/span><\/p>\n<p style=\"background: white; text-align: start; margin: 0cm 0cm 15.0pt 0cm;\"><span style=\"font-family: 'Open Sans',sans-serif; color: #444444;\">Per veure com ha sigut aquest tast conjunt de Tardor, cliqueu en el seg\u00fcent enlla\u00e7: <a href=\"https:\/\/drive.google.com\/drive\/folders\/1XAroC4cOCbA7pIKlQa5HYGNnk8ZidfgT?usp=sharing\">https:\/\/drive.google.com\/drive\/folders\/1XAroC4cOCbA7pIKlQa5HYGNnk8ZidfgT?usp=sharing<\/a><\/span><\/p>\n","protected":false},"excerpt":{"rendered":"<p>Per celebrar la tardor, aquest mes de Novembre a Infantil hem fet un tast de tardor!!<br \/>\nEls nens i les nenes de les dues classes de I5A i I5B han portat fruites i fruits secs d\u2019aquesta estaci\u00f3 i ens hem ajuntat per fer un esmorzar ben&hellip;  <a href=\"https:\/\/agora.xtec.cat\/ceip-jruyra-l-h\/infantil\/i5\/i5-tast-de-la-tardor\/\" title=\"Read I5: Tast de la Tardor\">Llegeix m\u00e9s\u00bb<\/a><\/p>\n","protected":false},"author":37,"featured_media":14986,"comment_status":"open","ping_status":"closed","sticky":false,"template":"","format":"standard","meta":{"_bbp_topic_count":0,"_bbp_reply_count":0,"_bbp_total_topic_count":0,"_bbp_total_reply_count":0,"_bbp_voice_count":0,"_bbp_anonymous_reply_count":0,"_bbp_topic_count_hidden":0,"_bbp_reply_count_hidden":0,"_bbp_forum_subforum_count":0,"footnotes":""},"categories":[9],"tags":[],"class_list":["post-14985","post","type-post","status-publish","format-standard","has-post-thumbnail","hentry","category-i5"],"post_mailing_queue_ids":[],"_links":{"self":[{"href":"https:\/\/agora.xtec.cat\/ceip-jruyra-l-h\/wp-json\/wp\/v2\/posts\/14985","targetHints":{"allow":["GET"]}}],"collection":[{"href":"https:\/\/agora.xtec.cat\/ceip-jruyra-l-h\/wp-json\/wp\/v2\/posts"}],"about":[{"href":"https:\/\/agora.xtec.cat\/ceip-jruyra-l-h\/wp-json\/wp\/v2\/types\/post"}],"author":[{"embeddable":true,"href":"https:\/\/agora.xtec.cat\/ceip-jruyra-l-h\/wp-json\/wp\/v2\/users\/37"}],"replies":[{"embeddable":true,"href":"https:\/\/agora.xtec.cat\/ceip-jruyra-l-h\/wp-json\/wp\/v2\/comments?post=14985"}],"version-history":[{"count":2,"href":"https:\/\/agora.xtec.cat\/ceip-jruyra-l-h\/wp-json\/wp\/v2\/posts\/14985\/revisions"}],"predecessor-version":[{"id":14988,"href":"https:\/\/agora.xtec.cat\/ceip-jruyra-l-h\/wp-json\/wp\/v2\/posts\/14985\/revisions\/14988"}],"wp:featuredmedia":[{"embeddable":true,"href":"https:\/\/agora.xtec.cat\/ceip-jruyra-l-h\/wp-json\/wp\/v2\/media\/14986"}],"wp:attachment":[{"href":"https:\/\/agora.xtec.cat\/ceip-jruyra-l-h\/wp-json\/wp\/v2\/media?parent=14985"}],"wp:term":[{"taxonomy":"category","embeddable":true,"href":"https:\/\/agora.xtec.cat\/ceip-jruyra-l-h\/wp-json\/wp\/v2\/categories?post=14985"},{"taxonomy":"post_tag","embeddable":true,"href":"https:\/\/agora.xtec.cat\/ceip-jruyra-l-h\/wp-json\/wp\/v2\/tags?post=14985"}],"curies":[{"name":"wp","href":"https:\/\/api.w.org\/{rel}","templated":true}]}}