{"id":14982,"date":"2023-11-21T07:17:38","date_gmt":"2023-11-21T06:17:38","guid":{"rendered":"https:\/\/agora.xtec.cat\/ceip-jruyra-l-h\/?p=14982"},"modified":"2023-11-20T07:18:29","modified_gmt":"2023-11-20T06:18:29","slug":"i5b-classe-vikinga-sortida-a-la-biblioteca-tecla-sala","status":"publish","type":"post","link":"https:\/\/agora.xtec.cat\/ceip-jruyra-l-h\/infantil\/i5\/i5b-classe-vikinga-sortida-a-la-biblioteca-tecla-sala\/","title":{"rendered":"I5B Classe Vikinga: Sortida a la Biblioteca Tecla Sala"},"content":{"rendered":"<p><img loading=\"lazy\" decoding=\"async\" class=\"alignnone size-large wp-image-14983\" src=\"https:\/\/agora.xtec.cat\/ceip-jruyra-l-h\/wp-content\/uploads\/usu2049\/2023\/11\/20231117_100649-1024x768.jpg\" alt=\"\" width=\"1024\" height=\"768\" srcset=\"https:\/\/agora.xtec.cat\/ceip-jruyra-l-h\/wp-content\/uploads\/usu2049\/2023\/11\/20231117_100649-1024x768.jpg 1024w, https:\/\/agora.xtec.cat\/ceip-jruyra-l-h\/wp-content\/uploads\/usu2049\/2023\/11\/20231117_100649-300x225.jpg 300w, https:\/\/agora.xtec.cat\/ceip-jruyra-l-h\/wp-content\/uploads\/usu2049\/2023\/11\/20231117_100649-768x576.jpg 768w, https:\/\/agora.xtec.cat\/ceip-jruyra-l-h\/wp-content\/uploads\/usu2049\/2023\/11\/20231117_100649-1536x1152.jpg 1536w, https:\/\/agora.xtec.cat\/ceip-jruyra-l-h\/wp-content\/uploads\/usu2049\/2023\/11\/20231117_100649-2048x1536.jpg 2048w, https:\/\/agora.xtec.cat\/ceip-jruyra-l-h\/wp-content\/uploads\/usu2049\/2023\/11\/20231117_100649-200x150.jpg 200w\" sizes=\"auto, (max-width: 1024px) 100vw, 1024px\" \/><\/p>\n<p>La classe Vikinga ha visitat la\u00a0<strong>Biblioteca Tecla Sala<\/strong>. En arribar, ens han explicat com fer \u00fas del pr\u00e9stec dels llibres i ens han mostrat la sala infantil per veure com son els passadissos, quins llibres pod\u00edem trobar all\u00e0 i qu\u00e8 pod\u00edem fer a la sala. Despr\u00e9s hem anat a una altra sala infantil i all\u00e0, a dins d\u2019un cofre de tresors lectors, s\u2019amagava en Tecli, un ratol\u00ed que ens ha mostrat una pila de contes molt divertits que ens han encantat!<\/p>\n<p>Hem vist llibres amb sons, llibres pop-up, llibres desplegables i finalment ens han explicat un conte divertid\u00edssim!. Tamb\u00e9 hem tingut una estona per explorar els diferents llibres de manera lliure i hem descobert l\u2019incre\u00efble m\u00f3n que entre totes aquelles p\u00e0gines pod\u00edem trobar. Ens ha encantat mirar els llibres i contes amb els amics i les amigues. La visita ha acabat amb un merescut esmorzar fora de la biblioteca on tamb\u00e9 hem tingut una estona per jugar i recordar quines aventures hav\u00edem vist en els llibres.<\/p>\n<p>Us animem a visitar la biblioteca amb els vostres fills i filles per tal de fomentar el gust per la lectura, aix\u00ed com fer \u00fas del pr\u00e9stec amb el carnet que us ha facilitat la biblioteca Tecla Sala per emportar-vos llibres a casa.<\/p>\n<p>Si voleu veure imatges i v\u00eddeos d\u2019aquesta visita cliqueu en el seg\u00fcent enlla\u00e7:\u00a0<a href=\"https:\/\/drive.google.com\/drive\/folders\/1BBKqUa_8uTQRtzTXGPLFAVw9bURTkf0g?usp=sharing\">https:\/\/drive.google.com\/drive\/folders\/1BBKqUa_8uTQRtzTXGPLFAVw9bURTkf0g?usp=sharing<\/a><\/p>\n","protected":false},"excerpt":{"rendered":"<p>La classe Vikinga ha visitat la\u00a0Biblioteca Tecla Sala. En arribar, ens han explicat com fer \u00fas del pr\u00e9stec dels llibres i ens han mostrat la sala infantil per veure com son els passadissos, quins llibres pod\u00edem trobar all\u00e0 i qu\u00e8 pod\u00edem fer a la sala.&hellip;  <a href=\"https:\/\/agora.xtec.cat\/ceip-jruyra-l-h\/infantil\/i5\/i5b-classe-vikinga-sortida-a-la-biblioteca-tecla-sala\/\" title=\"Read I5B Classe Vikinga: Sortida a la Biblioteca Tecla Sala\">Llegeix m\u00e9s\u00bb<\/a><\/p>\n","protected":false},"author":37,"featured_media":14983,"comment_status":"open","ping_status":"closed","sticky":false,"template":"","format":"standard","meta":{"_bbp_topic_count":0,"_bbp_reply_count":0,"_bbp_total_topic_count":0,"_bbp_total_reply_count":0,"_bbp_voice_count":0,"_bbp_anonymous_reply_count":0,"_bbp_topic_count_hidden":0,"_bbp_reply_count_hidden":0,"_bbp_forum_subforum_count":0,"footnotes":""},"categories":[9],"tags":[],"class_list":["post-14982","post","type-post","status-publish","format-standard","has-post-thumbnail","hentry","category-i5"],"post_mailing_queue_ids":[],"_links":{"self":[{"href":"https:\/\/agora.xtec.cat\/ceip-jruyra-l-h\/wp-json\/wp\/v2\/posts\/14982","targetHints":{"allow":["GET"]}}],"collection":[{"href":"https:\/\/agora.xtec.cat\/ceip-jruyra-l-h\/wp-json\/wp\/v2\/posts"}],"about":[{"href":"https:\/\/agora.xtec.cat\/ceip-jruyra-l-h\/wp-json\/wp\/v2\/types\/post"}],"author":[{"embeddable":true,"href":"https:\/\/agora.xtec.cat\/ceip-jruyra-l-h\/wp-json\/wp\/v2\/users\/37"}],"replies":[{"embeddable":true,"href":"https:\/\/agora.xtec.cat\/ceip-jruyra-l-h\/wp-json\/wp\/v2\/comments?post=14982"}],"version-history":[{"count":1,"href":"https:\/\/agora.xtec.cat\/ceip-jruyra-l-h\/wp-json\/wp\/v2\/posts\/14982\/revisions"}],"predecessor-version":[{"id":14984,"href":"https:\/\/agora.xtec.cat\/ceip-jruyra-l-h\/wp-json\/wp\/v2\/posts\/14982\/revisions\/14984"}],"wp:featuredmedia":[{"embeddable":true,"href":"https:\/\/agora.xtec.cat\/ceip-jruyra-l-h\/wp-json\/wp\/v2\/media\/14983"}],"wp:attachment":[{"href":"https:\/\/agora.xtec.cat\/ceip-jruyra-l-h\/wp-json\/wp\/v2\/media?parent=14982"}],"wp:term":[{"taxonomy":"category","embeddable":true,"href":"https:\/\/agora.xtec.cat\/ceip-jruyra-l-h\/wp-json\/wp\/v2\/categories?post=14982"},{"taxonomy":"post_tag","embeddable":true,"href":"https:\/\/agora.xtec.cat\/ceip-jruyra-l-h\/wp-json\/wp\/v2\/tags?post=14982"}],"curies":[{"name":"wp","href":"https:\/\/api.w.org\/{rel}","templated":true}]}}