{"id":14972,"date":"2023-11-17T13:03:03","date_gmt":"2023-11-17T12:03:03","guid":{"rendered":"https:\/\/agora.xtec.cat\/ceip-jruyra-l-h\/?p=14972"},"modified":"2023-11-17T13:03:03","modified_gmt":"2023-11-17T12:03:03","slug":"i4-tast-de-la-tardor","status":"publish","type":"post","link":"https:\/\/agora.xtec.cat\/ceip-jruyra-l-h\/infantil\/i4\/i4-tast-de-la-tardor\/","title":{"rendered":"I4: Tast de la TARDOR!"},"content":{"rendered":"<p>Estimades fam\u00edlies,<\/p>\n<p>Com ja sabeu, els alumnes i les alumnes d&#8217;infantil hem realitzat una tast de la TARDOR i gr\u00e0cies a la vostra col\u00b7laboraci\u00f3, ha estat tot un \u00e8xit!!<\/p>\n<p>Els nens i les nenes de I4A i i4B han portat fruites i fruits secs caracter\u00edstics d\u2019aquesta estaci\u00f3 i ens hem ajuntat per fer un esmorzar d\u2019all\u00f2 m\u00e9s saludable! Hem conegut les caracter\u00edstiques d&#8217;aquestes fruites, com eren per dins i per fora, i el m\u00e9s important&#8230;hem pogut assaborir-les, estaven RIQUIS\u00cdSSIMES!<\/p>\n<p>Hem gaudit molt d\u2019aquest moment, ja que els nens i les nenes han pogut fer aquesta festa amb tots els seus amics i amigues, voleu veure alguns d\u2019aquests moments? Doncs clique en elseg\u00fcent enlla\u00e7:<\/p>\n<p>https:\/\/drive.google.com\/drive\/folders\/1PVkqRfpezqxvITX0AAHTsER34jiVi6SR?usp=sharing<\/p>\n","protected":false},"excerpt":{"rendered":"<p>Estimades fam\u00edlies,<br \/>\nCom ja sabeu, els alumnes i les alumnes d&#8217;infantil hem realitzat una tast de la TARDOR i gr\u00e0cies a la vostra col\u00b7laboraci\u00f3, ha estat tot un \u00e8xit!!<br \/>\nEls nens i les nenes de I4A i i4B han portat fruites i fruits secs caracter\u00edstics d\u2019aquesta estaci\u00f3&hellip;  <a href=\"https:\/\/agora.xtec.cat\/ceip-jruyra-l-h\/infantil\/i4\/i4-tast-de-la-tardor\/\" title=\"Read I4: Tast de la TARDOR!\">Llegeix m\u00e9s\u00bb<\/a><\/p>\n","protected":false},"author":1,"featured_media":14973,"comment_status":"open","ping_status":"closed","sticky":false,"template":"","format":"standard","meta":{"_bbp_topic_count":0,"_bbp_reply_count":0,"_bbp_total_topic_count":0,"_bbp_total_reply_count":0,"_bbp_voice_count":0,"_bbp_anonymous_reply_count":0,"_bbp_topic_count_hidden":0,"_bbp_reply_count_hidden":0,"_bbp_forum_subforum_count":0,"footnotes":""},"categories":[8],"tags":[],"class_list":["post-14972","post","type-post","status-publish","format-standard","has-post-thumbnail","hentry","category-i4"],"post_mailing_queue_ids":[],"_links":{"self":[{"href":"https:\/\/agora.xtec.cat\/ceip-jruyra-l-h\/wp-json\/wp\/v2\/posts\/14972","targetHints":{"allow":["GET"]}}],"collection":[{"href":"https:\/\/agora.xtec.cat\/ceip-jruyra-l-h\/wp-json\/wp\/v2\/posts"}],"about":[{"href":"https:\/\/agora.xtec.cat\/ceip-jruyra-l-h\/wp-json\/wp\/v2\/types\/post"}],"author":[{"embeddable":true,"href":"https:\/\/agora.xtec.cat\/ceip-jruyra-l-h\/wp-json\/wp\/v2\/users\/1"}],"replies":[{"embeddable":true,"href":"https:\/\/agora.xtec.cat\/ceip-jruyra-l-h\/wp-json\/wp\/v2\/comments?post=14972"}],"version-history":[{"count":1,"href":"https:\/\/agora.xtec.cat\/ceip-jruyra-l-h\/wp-json\/wp\/v2\/posts\/14972\/revisions"}],"predecessor-version":[{"id":14974,"href":"https:\/\/agora.xtec.cat\/ceip-jruyra-l-h\/wp-json\/wp\/v2\/posts\/14972\/revisions\/14974"}],"wp:featuredmedia":[{"embeddable":true,"href":"https:\/\/agora.xtec.cat\/ceip-jruyra-l-h\/wp-json\/wp\/v2\/media\/14973"}],"wp:attachment":[{"href":"https:\/\/agora.xtec.cat\/ceip-jruyra-l-h\/wp-json\/wp\/v2\/media?parent=14972"}],"wp:term":[{"taxonomy":"category","embeddable":true,"href":"https:\/\/agora.xtec.cat\/ceip-jruyra-l-h\/wp-json\/wp\/v2\/categories?post=14972"},{"taxonomy":"post_tag","embeddable":true,"href":"https:\/\/agora.xtec.cat\/ceip-jruyra-l-h\/wp-json\/wp\/v2\/tags?post=14972"}],"curies":[{"name":"wp","href":"https:\/\/api.w.org\/{rel}","templated":true}]}}