{"id":14952,"date":"2023-11-13T19:57:00","date_gmt":"2023-11-13T18:57:00","guid":{"rendered":"https:\/\/agora.xtec.cat\/ceip-jruyra-l-h\/?p=14952"},"modified":"2025-02-16T12:22:05","modified_gmt":"2025-02-16T11:22:05","slug":"que-ens-fa-sentir-malament-i-com-podem-solucionar-ho","status":"publish","type":"post","link":"https:\/\/agora.xtec.cat\/ceip-jruyra-l-h\/general\/que-ens-fa-sentir-malament-i-com-podem-solucionar-ho\/","title":{"rendered":"Qu\u00e8 ens fa sentir malament i com podem solucionar-ho?"},"content":{"rendered":"<p><img loading=\"lazy\" decoding=\"async\" class=\"wp-image-14954 alignright\" src=\"https:\/\/agora.xtec.cat\/ceip-jruyra-l-h\/wp-content\/uploads\/usu2049\/2023\/11\/WhatsApp-Image-2023-11-13-at-18.49.22-1024x768.jpeg\" alt=\"\" width=\"637\" height=\"478\" srcset=\"https:\/\/agora.xtec.cat\/ceip-jruyra-l-h\/wp-content\/uploads\/usu2049\/2023\/11\/WhatsApp-Image-2023-11-13-at-18.49.22-1024x768.jpeg 1024w, https:\/\/agora.xtec.cat\/ceip-jruyra-l-h\/wp-content\/uploads\/usu2049\/2023\/11\/WhatsApp-Image-2023-11-13-at-18.49.22-300x225.jpeg 300w, https:\/\/agora.xtec.cat\/ceip-jruyra-l-h\/wp-content\/uploads\/usu2049\/2023\/11\/WhatsApp-Image-2023-11-13-at-18.49.22-768x576.jpeg 768w, https:\/\/agora.xtec.cat\/ceip-jruyra-l-h\/wp-content\/uploads\/usu2049\/2023\/11\/WhatsApp-Image-2023-11-13-at-18.49.22-1536x1152.jpeg 1536w, https:\/\/agora.xtec.cat\/ceip-jruyra-l-h\/wp-content\/uploads\/usu2049\/2023\/11\/WhatsApp-Image-2023-11-13-at-18.49.22-200x150.jpeg 200w, https:\/\/agora.xtec.cat\/ceip-jruyra-l-h\/wp-content\/uploads\/usu2049\/2023\/11\/WhatsApp-Image-2023-11-13-at-18.49.22.jpeg 1600w\" sizes=\"auto, (max-width: 637px) 100vw, 637px\" \/>Els nens i nenes de 2n vam treballar la import\u00e0ncia de \u00a0saber qu\u00e8 ens fa sentir malament.<\/p>\n<p>\u00c9s important saber el qu\u00e8 m&#8217;agrada i qu\u00e8 no, per poder comunicar-ho, sempre amb respecte i amb fermesa.<\/p>\n<p>I com no, realitzarem una posta en com\u00fa sobre les possibles solucions per poder-nos sentir millor.<\/p>\n<p><img loading=\"lazy\" decoding=\"async\" class=\"wp-image-14953 alignright\" src=\"https:\/\/agora.xtec.cat\/ceip-jruyra-l-h\/wp-content\/uploads\/usu2049\/2023\/11\/WhatsApp-Image-2023-11-13-at-18.49.22-1-1024x768.jpeg\" alt=\"\" width=\"640\" height=\"480\" srcset=\"https:\/\/agora.xtec.cat\/ceip-jruyra-l-h\/wp-content\/uploads\/usu2049\/2023\/11\/WhatsApp-Image-2023-11-13-at-18.49.22-1-1024x768.jpeg 1024w, https:\/\/agora.xtec.cat\/ceip-jruyra-l-h\/wp-content\/uploads\/usu2049\/2023\/11\/WhatsApp-Image-2023-11-13-at-18.49.22-1-300x225.jpeg 300w, https:\/\/agora.xtec.cat\/ceip-jruyra-l-h\/wp-content\/uploads\/usu2049\/2023\/11\/WhatsApp-Image-2023-11-13-at-18.49.22-1-768x576.jpeg 768w, https:\/\/agora.xtec.cat\/ceip-jruyra-l-h\/wp-content\/uploads\/usu2049\/2023\/11\/WhatsApp-Image-2023-11-13-at-18.49.22-1-1536x1152.jpeg 1536w, https:\/\/agora.xtec.cat\/ceip-jruyra-l-h\/wp-content\/uploads\/usu2049\/2023\/11\/WhatsApp-Image-2023-11-13-at-18.49.22-1-200x150.jpeg 200w, https:\/\/agora.xtec.cat\/ceip-jruyra-l-h\/wp-content\/uploads\/usu2049\/2023\/11\/WhatsApp-Image-2023-11-13-at-18.49.22-1.jpeg 1600w\" sizes=\"auto, (max-width: 640px) 100vw, 640px\" \/><\/p>\n","protected":false},"excerpt":{"rendered":"<p>Els nens i nenes de 2n vam treballar la import\u00e0ncia de \u00a0saber qu\u00e8 ens fa sentir malament.<br \/>\n\u00c9s important saber el qu\u00e8 m&#8217;agrada i qu\u00e8 no, per poder comunicar-ho, sempre amb respecte i amb fermesa.<br \/>\nI com no, realitzarem una posta en com\u00fa sobre les possibles solucions&hellip;  <a href=\"https:\/\/agora.xtec.cat\/ceip-jruyra-l-h\/general\/que-ens-fa-sentir-malament-i-com-podem-solucionar-ho\/\" title=\"Read Qu\u00e8 ens fa sentir malament i com podem solucionar-ho?\">Llegeix m\u00e9s\u00bb<\/a><\/p>\n","protected":false},"author":51,"featured_media":14953,"comment_status":"open","ping_status":"closed","sticky":false,"template":"","format":"standard","meta":{"_bbp_topic_count":0,"_bbp_reply_count":0,"_bbp_total_topic_count":0,"_bbp_total_reply_count":0,"_bbp_voice_count":0,"_bbp_anonymous_reply_count":0,"_bbp_topic_count_hidden":0,"_bbp_reply_count_hidden":0,"_bbp_forum_subforum_count":0,"footnotes":""},"categories":[11,60,1,4],"tags":[71,83,66],"class_list":["post-14952","post","type-post","status-publish","format-standard","has-post-thumbnail","hentry","category-2n","category-cdaxarxa","category-general","category-portada","tag-actuacions-educatives-dexit","tag-comunitats-daprenentatge","tag-model-dialogic-de-prevencio-i-resolucio-de-conflictes"],"post_mailing_queue_ids":[],"_links":{"self":[{"href":"https:\/\/agora.xtec.cat\/ceip-jruyra-l-h\/wp-json\/wp\/v2\/posts\/14952","targetHints":{"allow":["GET"]}}],"collection":[{"href":"https:\/\/agora.xtec.cat\/ceip-jruyra-l-h\/wp-json\/wp\/v2\/posts"}],"about":[{"href":"https:\/\/agora.xtec.cat\/ceip-jruyra-l-h\/wp-json\/wp\/v2\/types\/post"}],"author":[{"embeddable":true,"href":"https:\/\/agora.xtec.cat\/ceip-jruyra-l-h\/wp-json\/wp\/v2\/users\/51"}],"replies":[{"embeddable":true,"href":"https:\/\/agora.xtec.cat\/ceip-jruyra-l-h\/wp-json\/wp\/v2\/comments?post=14952"}],"version-history":[{"count":5,"href":"https:\/\/agora.xtec.cat\/ceip-jruyra-l-h\/wp-json\/wp\/v2\/posts\/14952\/revisions"}],"predecessor-version":[{"id":14959,"href":"https:\/\/agora.xtec.cat\/ceip-jruyra-l-h\/wp-json\/wp\/v2\/posts\/14952\/revisions\/14959"}],"wp:featuredmedia":[{"embeddable":true,"href":"https:\/\/agora.xtec.cat\/ceip-jruyra-l-h\/wp-json\/wp\/v2\/media\/14953"}],"wp:attachment":[{"href":"https:\/\/agora.xtec.cat\/ceip-jruyra-l-h\/wp-json\/wp\/v2\/media?parent=14952"}],"wp:term":[{"taxonomy":"category","embeddable":true,"href":"https:\/\/agora.xtec.cat\/ceip-jruyra-l-h\/wp-json\/wp\/v2\/categories?post=14952"},{"taxonomy":"post_tag","embeddable":true,"href":"https:\/\/agora.xtec.cat\/ceip-jruyra-l-h\/wp-json\/wp\/v2\/tags?post=14952"}],"curies":[{"name":"wp","href":"https:\/\/api.w.org\/{rel}","templated":true}]}}