{"id":14934,"date":"2023-11-10T18:24:10","date_gmt":"2023-11-10T17:24:10","guid":{"rendered":"https:\/\/agora.xtec.cat\/ceip-jruyra-l-h\/?p=14934"},"modified":"2025-02-16T12:22:19","modified_gmt":"2025-02-16T11:22:19","slug":"setmana-de-la-solidaritat-cicle-mitja-amb-la-salut-mental","status":"publish","type":"post","link":"https:\/\/agora.xtec.cat\/ceip-jruyra-l-h\/general\/setmana-de-la-solidaritat-cicle-mitja-amb-la-salut-mental\/","title":{"rendered":"SETMANA DE LA SOLIDARITAT: CICLE MITJ\u00c0 AMB LA SALUT MENTAL"},"content":{"rendered":"<blockquote>\n<h1 style=\"text-align: center;\"><strong style=\"font-family: inherit; font-size: 1em;\">\u00a0CUIDEM LA NOSTRA SALUT MENTAL<\/strong><\/h1>\n<p><strong style=\"text-align: center;\"><img loading=\"lazy\" decoding=\"async\" class=\"wp-image-14935 aligncenter\" src=\"https:\/\/agora.xtec.cat\/ceip-jruyra-l-h\/wp-content\/uploads\/usu2049\/2023\/11\/LA-SALUT-MENTAL-ES-IMPORTANT-768x768.jpg\" alt=\"\" width=\"483\" height=\"483\" srcset=\"https:\/\/agora.xtec.cat\/ceip-jruyra-l-h\/wp-content\/uploads\/usu2049\/2023\/11\/LA-SALUT-MENTAL-ES-IMPORTANT-768x768.jpg 768w, https:\/\/agora.xtec.cat\/ceip-jruyra-l-h\/wp-content\/uploads\/usu2049\/2023\/11\/LA-SALUT-MENTAL-ES-IMPORTANT-300x300.jpg 300w, https:\/\/agora.xtec.cat\/ceip-jruyra-l-h\/wp-content\/uploads\/usu2049\/2023\/11\/LA-SALUT-MENTAL-ES-IMPORTANT-150x150.jpg 150w, https:\/\/agora.xtec.cat\/ceip-jruyra-l-h\/wp-content\/uploads\/usu2049\/2023\/11\/LA-SALUT-MENTAL-ES-IMPORTANT-1536x1536.jpg 1536w, https:\/\/agora.xtec.cat\/ceip-jruyra-l-h\/wp-content\/uploads\/usu2049\/2023\/11\/LA-SALUT-MENTAL-ES-IMPORTANT.jpg 2000w\" sizes=\"auto, (max-width: 483px) 100vw, 483px\" \/><\/strong><strong><span style=\"font-size: 27px;\">La salut mental i el benestar emocional s\u00f3n conceptes relacionats amb com ens sentim, ens trobem o actuem en el nostre dia a dia.<\/span><\/strong><\/p><\/blockquote>\n<blockquote><p>Aquesta setmana amb motiu de la celebraci\u00f3 de la setmana de la solidaritat, a l&#8217;escola l&#8217;hem dedicat a donar m\u00e9s visibilitat el concepte de la SALUT MENTAL. Aix\u00ed doncs, els alumnes i les alumnes de cicle mitj\u00e0, durant la realitzaci\u00f3 dels grups interactius han ideat, elaborat i redactat la lletra d&#8217;unes can\u00e7ons en les que amb molt d&#8217;entusiasme i a ritme de rap ens donen uns missatges molt reveladors.<\/p><\/blockquote>\n<blockquote><p>Us deixem els enlla\u00e7os dels videos de cadascun dels raps perqu\u00e8 els gaudiu tant com nosaltres fent-los.<\/p><\/blockquote>\n<h2><strong>\u00a0 \u00a0 \u00a0 \u00a0 \u00a0 \u00a0 \u00a0 \u00a0<\/strong><strong style=\"font-size: 2.3125em;\"><a href=\"https:\/\/www.youtube.com\/watch?v=aeINkX0Bd0U\"><img loading=\"lazy\" decoding=\"async\" class=\"alignnone wp-image-14936\" src=\"https:\/\/agora.xtec.cat\/ceip-jruyra-l-h\/wp-content\/uploads\/usu2049\/2023\/11\/LA-SALUT-MENTAL-ES-IMPORTANT-1-768x768.jpg\" alt=\"\" width=\"90\" height=\"90\" srcset=\"https:\/\/agora.xtec.cat\/ceip-jruyra-l-h\/wp-content\/uploads\/usu2049\/2023\/11\/LA-SALUT-MENTAL-ES-IMPORTANT-1-768x768.jpg 768w, https:\/\/agora.xtec.cat\/ceip-jruyra-l-h\/wp-content\/uploads\/usu2049\/2023\/11\/LA-SALUT-MENTAL-ES-IMPORTANT-1-300x300.jpg 300w, https:\/\/agora.xtec.cat\/ceip-jruyra-l-h\/wp-content\/uploads\/usu2049\/2023\/11\/LA-SALUT-MENTAL-ES-IMPORTANT-1-150x150.jpg 150w, https:\/\/agora.xtec.cat\/ceip-jruyra-l-h\/wp-content\/uploads\/usu2049\/2023\/11\/LA-SALUT-MENTAL-ES-IMPORTANT-1-1536x1536.jpg 1536w, https:\/\/agora.xtec.cat\/ceip-jruyra-l-h\/wp-content\/uploads\/usu2049\/2023\/11\/LA-SALUT-MENTAL-ES-IMPORTANT-1.jpg 2000w\" sizes=\"auto, (max-width: 90px) 100vw, 90px\" \/><\/a> <a href=\"https:\/\/www.youtube.com\/watch?v=Sjq9dMz2wAA\"><img loading=\"lazy\" decoding=\"async\" class=\"alignnone wp-image-14937\" src=\"https:\/\/agora.xtec.cat\/ceip-jruyra-l-h\/wp-content\/uploads\/usu2049\/2023\/11\/LA-SALUT-MENTAL-ES-IMPORTANT-2-768x768.jpg\" alt=\"\" width=\"89\" height=\"89\" srcset=\"https:\/\/agora.xtec.cat\/ceip-jruyra-l-h\/wp-content\/uploads\/usu2049\/2023\/11\/LA-SALUT-MENTAL-ES-IMPORTANT-2-768x768.jpg 768w, https:\/\/agora.xtec.cat\/ceip-jruyra-l-h\/wp-content\/uploads\/usu2049\/2023\/11\/LA-SALUT-MENTAL-ES-IMPORTANT-2-300x300.jpg 300w, https:\/\/agora.xtec.cat\/ceip-jruyra-l-h\/wp-content\/uploads\/usu2049\/2023\/11\/LA-SALUT-MENTAL-ES-IMPORTANT-2-150x150.jpg 150w, https:\/\/agora.xtec.cat\/ceip-jruyra-l-h\/wp-content\/uploads\/usu2049\/2023\/11\/LA-SALUT-MENTAL-ES-IMPORTANT-2-1536x1536.jpg 1536w, https:\/\/agora.xtec.cat\/ceip-jruyra-l-h\/wp-content\/uploads\/usu2049\/2023\/11\/LA-SALUT-MENTAL-ES-IMPORTANT-2.jpg 2000w\" sizes=\"auto, (max-width: 89px) 100vw, 89px\" \/><\/a> <a href=\"https:\/\/www.youtube.com\/watch?v=gZfjlValKDE\"><img loading=\"lazy\" decoding=\"async\" class=\"alignnone wp-image-14938\" src=\"https:\/\/agora.xtec.cat\/ceip-jruyra-l-h\/wp-content\/uploads\/usu2049\/2023\/11\/LA-SALUT-MENTAL-ES-IMPORTANT-3-768x768.jpg\" alt=\"\" width=\"87\" height=\"87\" srcset=\"https:\/\/agora.xtec.cat\/ceip-jruyra-l-h\/wp-content\/uploads\/usu2049\/2023\/11\/LA-SALUT-MENTAL-ES-IMPORTANT-3-768x768.jpg 768w, https:\/\/agora.xtec.cat\/ceip-jruyra-l-h\/wp-content\/uploads\/usu2049\/2023\/11\/LA-SALUT-MENTAL-ES-IMPORTANT-3-300x300.jpg 300w, https:\/\/agora.xtec.cat\/ceip-jruyra-l-h\/wp-content\/uploads\/usu2049\/2023\/11\/LA-SALUT-MENTAL-ES-IMPORTANT-3-150x150.jpg 150w, https:\/\/agora.xtec.cat\/ceip-jruyra-l-h\/wp-content\/uploads\/usu2049\/2023\/11\/LA-SALUT-MENTAL-ES-IMPORTANT-3-1536x1536.jpg 1536w, https:\/\/agora.xtec.cat\/ceip-jruyra-l-h\/wp-content\/uploads\/usu2049\/2023\/11\/LA-SALUT-MENTAL-ES-IMPORTANT-3.jpg 2000w\" sizes=\"auto, (max-width: 87px) 100vw, 87px\" \/><\/a> <a href=\"https:\/\/www.youtube.com\/watch?v=KIrF0Afweb4\"><img loading=\"lazy\" decoding=\"async\" class=\"alignnone wp-image-14939\" src=\"https:\/\/agora.xtec.cat\/ceip-jruyra-l-h\/wp-content\/uploads\/usu2049\/2023\/11\/LA-SALUT-MENTAL-ES-IMPORTANT-4-768x768.jpg\" alt=\"\" width=\"88\" height=\"88\" srcset=\"https:\/\/agora.xtec.cat\/ceip-jruyra-l-h\/wp-content\/uploads\/usu2049\/2023\/11\/LA-SALUT-MENTAL-ES-IMPORTANT-4-768x768.jpg 768w, https:\/\/agora.xtec.cat\/ceip-jruyra-l-h\/wp-content\/uploads\/usu2049\/2023\/11\/LA-SALUT-MENTAL-ES-IMPORTANT-4-300x300.jpg 300w, https:\/\/agora.xtec.cat\/ceip-jruyra-l-h\/wp-content\/uploads\/usu2049\/2023\/11\/LA-SALUT-MENTAL-ES-IMPORTANT-4-150x150.jpg 150w, https:\/\/agora.xtec.cat\/ceip-jruyra-l-h\/wp-content\/uploads\/usu2049\/2023\/11\/LA-SALUT-MENTAL-ES-IMPORTANT-4-1536x1536.jpg 1536w, https:\/\/agora.xtec.cat\/ceip-jruyra-l-h\/wp-content\/uploads\/usu2049\/2023\/11\/LA-SALUT-MENTAL-ES-IMPORTANT-4.jpg 2000w\" sizes=\"auto, (max-width: 88px) 100vw, 88px\" \/><\/a><\/strong><\/h2>\n","protected":false},"excerpt":{"rendered":"<p>\u00a0CUIDEM LA NOSTRA SALUT MENTAL<br \/>\nLa salut mental i el benestar emocional s\u00f3n conceptes relacionats amb com ens sentim, ens trobem o actuem en el nostre dia a dia.<br \/>\nAquesta setmana amb motiu de la celebraci\u00f3 de la setmana de la solidaritat, a l&#8217;escola l&#8217;hem dedicat a&hellip;  <a href=\"https:\/\/agora.xtec.cat\/ceip-jruyra-l-h\/general\/setmana-de-la-solidaritat-cicle-mitja-amb-la-salut-mental\/\" title=\"Read SETMANA DE LA SOLIDARITAT: CICLE MITJ\u00c0 AMB LA SALUT MENTAL\">Llegeix m\u00e9s\u00bb<\/a><\/p>\n","protected":false},"author":1,"featured_media":14935,"comment_status":"open","ping_status":"closed","sticky":false,"template":"","format":"standard","meta":{"_bbp_topic_count":0,"_bbp_reply_count":0,"_bbp_total_topic_count":0,"_bbp_total_reply_count":0,"_bbp_voice_count":0,"_bbp_anonymous_reply_count":0,"_bbp_topic_count_hidden":0,"_bbp_reply_count_hidden":0,"_bbp_forum_subforum_count":0,"footnotes":""},"categories":[12,13,60,1,4],"tags":[71,83,66],"class_list":["post-14934","post","type-post","status-publish","format-standard","has-post-thumbnail","hentry","category-3r","category-4t","category-cdaxarxa","category-general","category-portada","tag-actuacions-educatives-dexit","tag-comunitats-daprenentatge","tag-model-dialogic-de-prevencio-i-resolucio-de-conflictes"],"post_mailing_queue_ids":[],"_links":{"self":[{"href":"https:\/\/agora.xtec.cat\/ceip-jruyra-l-h\/wp-json\/wp\/v2\/posts\/14934","targetHints":{"allow":["GET"]}}],"collection":[{"href":"https:\/\/agora.xtec.cat\/ceip-jruyra-l-h\/wp-json\/wp\/v2\/posts"}],"about":[{"href":"https:\/\/agora.xtec.cat\/ceip-jruyra-l-h\/wp-json\/wp\/v2\/types\/post"}],"author":[{"embeddable":true,"href":"https:\/\/agora.xtec.cat\/ceip-jruyra-l-h\/wp-json\/wp\/v2\/users\/1"}],"replies":[{"embeddable":true,"href":"https:\/\/agora.xtec.cat\/ceip-jruyra-l-h\/wp-json\/wp\/v2\/comments?post=14934"}],"version-history":[{"count":3,"href":"https:\/\/agora.xtec.cat\/ceip-jruyra-l-h\/wp-json\/wp\/v2\/posts\/14934\/revisions"}],"predecessor-version":[{"id":14945,"href":"https:\/\/agora.xtec.cat\/ceip-jruyra-l-h\/wp-json\/wp\/v2\/posts\/14934\/revisions\/14945"}],"wp:featuredmedia":[{"embeddable":true,"href":"https:\/\/agora.xtec.cat\/ceip-jruyra-l-h\/wp-json\/wp\/v2\/media\/14935"}],"wp:attachment":[{"href":"https:\/\/agora.xtec.cat\/ceip-jruyra-l-h\/wp-json\/wp\/v2\/media?parent=14934"}],"wp:term":[{"taxonomy":"category","embeddable":true,"href":"https:\/\/agora.xtec.cat\/ceip-jruyra-l-h\/wp-json\/wp\/v2\/categories?post=14934"},{"taxonomy":"post_tag","embeddable":true,"href":"https:\/\/agora.xtec.cat\/ceip-jruyra-l-h\/wp-json\/wp\/v2\/tags?post=14934"}],"curies":[{"name":"wp","href":"https:\/\/api.w.org\/{rel}","templated":true}]}}