{"id":14923,"date":"2023-11-10T18:11:52","date_gmt":"2023-11-10T17:11:52","guid":{"rendered":"https:\/\/agora.xtec.cat\/ceip-jruyra-l-h\/?p=14923"},"modified":"2023-11-10T18:11:52","modified_gmt":"2023-11-10T17:11:52","slug":"exemple-cap-de-setmana-i3","status":"publish","type":"post","link":"https:\/\/agora.xtec.cat\/ceip-jruyra-l-h\/infantil\/exemple-cap-de-setmana-i3\/","title":{"rendered":"EXEMPLE CAP DE SETMANA I3"},"content":{"rendered":"<p>Hola fam\u00edlies, com vam explicar a la reuni\u00f3 de fam\u00edlies a I3, necessitarem la vostra col\u00b7laboraci\u00f3 perqu\u00e8 els vostres fills i filles ens expliquin el seu cap de setmana. Cada divendres, les mestres demanaran a 1\/2 fam\u00edlies que el cap de setmana facin 2\/3 fotos o un petit v\u00eddeo del vostre infant, fent alguna activitat (jugar, anar al parc, dibuixar, sortida familiar\u2026.). Aix\u00f2 ho enviareu amb una breu explicaci\u00f3 a les tutores a trav\u00e9s del <strong>Telegram<\/strong> o del <strong>correu de la classe<\/strong>. Per a I3A, la classe del les <strong>ESTRELLES<\/strong> \u00e9s <a href=\"mailto:p3a@joaquimruyra.cat\">i3a@joaquimruyra.cat<\/a> . Per a I3B, la classe dels <strong>PIRATES<\/strong> es <a href=\"mailto:p3b@joaquimruyra.cat\">i3b<span class=\"\">@joaqui<\/span>mruyra.cat<\/a>. Per a I3C, la classe de les <strong>BALENES<\/strong> <a href=\"i3c@joaquimruyra.cat\">i3c@joaquimruyra.cat<\/a><\/p>\n<p>Comen\u00e7arem a fer aquesta activitat a partir del <strong>17 de novembre<\/strong> i ser\u00e0 important que els nens i nenes ho s\u00e0piguen i participin per fomentar l&#8217;expressi\u00f3 oral. Es comunicar\u00e0 a trav\u00e9s de l&#8217;agenda el dia que li toqui a cada infant.<\/p>\n<p>El nen o la nena que li toqui, explicar\u00e0 el que ha fet el cap de setmana amb l\u2019ajuda de les mestres. Despr\u00e9s es penjar\u00e0 a la web de l\u2019escola perqu\u00e8 el pugueu veure.<\/p>\n<p>Us deixem un exemple perqu\u00e8 us feu una idea del que us demanem.<\/p>\n<p><strong>EL CAP DE SETMANA DE JESSICA<\/strong><\/p>\n<p><em>AQUEST CAP DE SETMANA HE ANAT A UN MUSEU EGIPCI, HI HAVIA UNA EXPOSICI\u00d3 DE TUTANKAMON.<\/em><\/p>\n<p><img loading=\"lazy\" decoding=\"async\" class=\"alignnone wp-image-14924\" src=\"https:\/\/agora.xtec.cat\/ceip-jruyra-l-h\/wp-content\/uploads\/usu2049\/2023\/11\/IMG-20231030-WA0013-1024x768.jpg\" alt=\"\" width=\"367\" height=\"275\" srcset=\"https:\/\/agora.xtec.cat\/ceip-jruyra-l-h\/wp-content\/uploads\/usu2049\/2023\/11\/IMG-20231030-WA0013.jpg 1024w, https:\/\/agora.xtec.cat\/ceip-jruyra-l-h\/wp-content\/uploads\/usu2049\/2023\/11\/IMG-20231030-WA0013-300x225.jpg 300w, https:\/\/agora.xtec.cat\/ceip-jruyra-l-h\/wp-content\/uploads\/usu2049\/2023\/11\/IMG-20231030-WA0013-768x576.jpg 768w, https:\/\/agora.xtec.cat\/ceip-jruyra-l-h\/wp-content\/uploads\/usu2049\/2023\/11\/IMG-20231030-WA0013-200x150.jpg 200w\" sizes=\"auto, (max-width: 367px) 100vw, 367px\" \/><\/p>\n<p><em>TAMB\u00c9 VAIG ANAR A MORA D&#8217;EBRE A UNA FIRA AGR\u00cdCOLA, VAIG VEURE MOLTS ANIMALS I VAIG PASSEJAR UN PONI.<\/em><\/p>\n<p><img loading=\"lazy\" decoding=\"async\" class=\"alignnone wp-image-14925\" src=\"https:\/\/agora.xtec.cat\/ceip-jruyra-l-h\/wp-content\/uploads\/usu2049\/2023\/11\/IMG-20231028-WA0006-346x768.jpg\" alt=\"\" width=\"256\" height=\"568\" srcset=\"https:\/\/agora.xtec.cat\/ceip-jruyra-l-h\/wp-content\/uploads\/usu2049\/2023\/11\/IMG-20231028-WA0006-346x768.jpg 346w, https:\/\/agora.xtec.cat\/ceip-jruyra-l-h\/wp-content\/uploads\/usu2049\/2023\/11\/IMG-20231028-WA0006-135x300.jpg 135w, https:\/\/agora.xtec.cat\/ceip-jruyra-l-h\/wp-content\/uploads\/usu2049\/2023\/11\/IMG-20231028-WA0006-691x1536.jpg 691w, https:\/\/agora.xtec.cat\/ceip-jruyra-l-h\/wp-content\/uploads\/usu2049\/2023\/11\/IMG-20231028-WA0006.jpg 720w\" sizes=\"auto, (max-width: 256px) 100vw, 256px\" \/><\/p>\n","protected":false},"excerpt":{"rendered":"<p>Hola fam\u00edlies, com vam explicar a la reuni\u00f3 de fam\u00edlies a I3, necessitarem la vostra col\u00b7laboraci\u00f3 perqu\u00e8 els vostres fills i filles ens expliquin el seu cap de setmana. Cada divendres, les mestres demanaran a 1\/2 fam\u00edlies que el cap de setmana facin 2\/3 fotos&hellip;  <a href=\"https:\/\/agora.xtec.cat\/ceip-jruyra-l-h\/infantil\/exemple-cap-de-setmana-i3\/\" title=\"Read EXEMPLE CAP DE SETMANA I3\">Llegeix m\u00e9s\u00bb<\/a><\/p>\n","protected":false},"author":1,"featured_media":14924,"comment_status":"open","ping_status":"closed","sticky":false,"template":"","format":"standard","meta":{"_bbp_topic_count":0,"_bbp_reply_count":0,"_bbp_total_topic_count":0,"_bbp_total_reply_count":0,"_bbp_voice_count":0,"_bbp_anonymous_reply_count":0,"_bbp_topic_count_hidden":0,"_bbp_reply_count_hidden":0,"_bbp_forum_subforum_count":0,"footnotes":""},"categories":[2,3],"tags":[],"class_list":["post-14923","post","type-post","status-publish","format-standard","has-post-thumbnail","hentry","category-infantil","category-i3"],"post_mailing_queue_ids":[],"_links":{"self":[{"href":"https:\/\/agora.xtec.cat\/ceip-jruyra-l-h\/wp-json\/wp\/v2\/posts\/14923","targetHints":{"allow":["GET"]}}],"collection":[{"href":"https:\/\/agora.xtec.cat\/ceip-jruyra-l-h\/wp-json\/wp\/v2\/posts"}],"about":[{"href":"https:\/\/agora.xtec.cat\/ceip-jruyra-l-h\/wp-json\/wp\/v2\/types\/post"}],"author":[{"embeddable":true,"href":"https:\/\/agora.xtec.cat\/ceip-jruyra-l-h\/wp-json\/wp\/v2\/users\/1"}],"replies":[{"embeddable":true,"href":"https:\/\/agora.xtec.cat\/ceip-jruyra-l-h\/wp-json\/wp\/v2\/comments?post=14923"}],"version-history":[{"count":1,"href":"https:\/\/agora.xtec.cat\/ceip-jruyra-l-h\/wp-json\/wp\/v2\/posts\/14923\/revisions"}],"predecessor-version":[{"id":14928,"href":"https:\/\/agora.xtec.cat\/ceip-jruyra-l-h\/wp-json\/wp\/v2\/posts\/14923\/revisions\/14928"}],"wp:featuredmedia":[{"embeddable":true,"href":"https:\/\/agora.xtec.cat\/ceip-jruyra-l-h\/wp-json\/wp\/v2\/media\/14924"}],"wp:attachment":[{"href":"https:\/\/agora.xtec.cat\/ceip-jruyra-l-h\/wp-json\/wp\/v2\/media?parent=14923"}],"wp:term":[{"taxonomy":"category","embeddable":true,"href":"https:\/\/agora.xtec.cat\/ceip-jruyra-l-h\/wp-json\/wp\/v2\/categories?post=14923"},{"taxonomy":"post_tag","embeddable":true,"href":"https:\/\/agora.xtec.cat\/ceip-jruyra-l-h\/wp-json\/wp\/v2\/tags?post=14923"}],"curies":[{"name":"wp","href":"https:\/\/api.w.org\/{rel}","templated":true}]}}