{"id":14897,"date":"2023-11-13T13:43:12","date_gmt":"2023-11-13T12:43:12","guid":{"rendered":"https:\/\/agora.xtec.cat\/ceip-jruyra-l-h\/?p=14897"},"modified":"2023-11-09T13:44:07","modified_gmt":"2023-11-09T12:44:07","slug":"i4-celebrem-la-castanyada","status":"publish","type":"post","link":"https:\/\/agora.xtec.cat\/ceip-jruyra-l-h\/infantil\/i4\/i4-celebrem-la-castanyada\/","title":{"rendered":"I4: Celebrem la Castanyada!"},"content":{"rendered":"<p>Estimades fam\u00edlies,<\/p>\n<p>Com ja sabeu el passat 31 d&#8217;octubre vam celebrar a l&#8217;escola la festa de la Castanyada i&#8230; ho vam passar BOMBA!<\/p>\n<p>Al mat\u00ed vam fer un gran concert amb companyia de tota l&#8217;escola i de les fam\u00edlies, el qual vam preparar amb molta il\u00b7lusi\u00f3! Vam elaborar una corona per cantar la can\u00e7\u00f3 del &#8220;Marrameu torra castanyes&#8221; amb la resta de companys i companyes d&#8217;educaci\u00f3 infantil.<\/p>\n<p>A la tarda, hem sortit al pati on ens ha visitat la Castanyera amb el seu ajudant per portar-nos paperines amb castanyes torrades! Les hem menjat i hem celebrat entre amics i amigues jugant i ballant.<\/p>\n<p>Voleu veure les fotos? Doncs en el seg\u00fcent enlla\u00e7 podreu veure algunes de les fotos del gran dia.<\/p>\n<p>https:\/\/drive.google.com\/drive\/folders\/1K4ldvmG-G55tcG1gLfpeFqFbkgl1-BHJ?usp=sharing <img loading=\"lazy\" decoding=\"async\" class=\"alignnone size-full wp-image-14898\" src=\"https:\/\/agora.xtec.cat\/ceip-jruyra-l-h\/wp-content\/uploads\/usu2049\/2023\/11\/Dibuix-castanyada.png\" alt=\"\" width=\"749\" height=\"454\" srcset=\"https:\/\/agora.xtec.cat\/ceip-jruyra-l-h\/wp-content\/uploads\/usu2049\/2023\/11\/Dibuix-castanyada.png 749w, https:\/\/agora.xtec.cat\/ceip-jruyra-l-h\/wp-content\/uploads\/usu2049\/2023\/11\/Dibuix-castanyada-300x182.png 300w\" sizes=\"auto, (max-width: 749px) 100vw, 749px\" \/><\/p>\n","protected":false},"excerpt":{"rendered":"<p>Estimades fam\u00edlies,<br \/>\nCom ja sabeu el passat 31 d&#8217;octubre vam celebrar a l&#8217;escola la festa de la Castanyada i&#8230; ho vam passar BOMBA!<br \/>\nAl mat\u00ed vam fer un gran concert amb companyia de tota l&#8217;escola i de les fam\u00edlies, el qual vam preparar amb molta il\u00b7lusi\u00f3! Vam&hellip;  <a href=\"https:\/\/agora.xtec.cat\/ceip-jruyra-l-h\/infantil\/i4\/i4-celebrem-la-castanyada\/\" title=\"Read I4: Celebrem la Castanyada!\">Llegeix m\u00e9s\u00bb<\/a><\/p>\n","protected":false},"author":1,"featured_media":14898,"comment_status":"open","ping_status":"closed","sticky":false,"template":"","format":"standard","meta":{"_bbp_topic_count":0,"_bbp_reply_count":0,"_bbp_total_topic_count":0,"_bbp_total_reply_count":0,"_bbp_voice_count":0,"_bbp_anonymous_reply_count":0,"_bbp_topic_count_hidden":0,"_bbp_reply_count_hidden":0,"_bbp_forum_subforum_count":0,"footnotes":""},"categories":[8],"tags":[],"class_list":["post-14897","post","type-post","status-publish","format-standard","has-post-thumbnail","hentry","category-i4"],"post_mailing_queue_ids":[],"_links":{"self":[{"href":"https:\/\/agora.xtec.cat\/ceip-jruyra-l-h\/wp-json\/wp\/v2\/posts\/14897","targetHints":{"allow":["GET"]}}],"collection":[{"href":"https:\/\/agora.xtec.cat\/ceip-jruyra-l-h\/wp-json\/wp\/v2\/posts"}],"about":[{"href":"https:\/\/agora.xtec.cat\/ceip-jruyra-l-h\/wp-json\/wp\/v2\/types\/post"}],"author":[{"embeddable":true,"href":"https:\/\/agora.xtec.cat\/ceip-jruyra-l-h\/wp-json\/wp\/v2\/users\/1"}],"replies":[{"embeddable":true,"href":"https:\/\/agora.xtec.cat\/ceip-jruyra-l-h\/wp-json\/wp\/v2\/comments?post=14897"}],"version-history":[{"count":2,"href":"https:\/\/agora.xtec.cat\/ceip-jruyra-l-h\/wp-json\/wp\/v2\/posts\/14897\/revisions"}],"predecessor-version":[{"id":14926,"href":"https:\/\/agora.xtec.cat\/ceip-jruyra-l-h\/wp-json\/wp\/v2\/posts\/14897\/revisions\/14926"}],"wp:featuredmedia":[{"embeddable":true,"href":"https:\/\/agora.xtec.cat\/ceip-jruyra-l-h\/wp-json\/wp\/v2\/media\/14898"}],"wp:attachment":[{"href":"https:\/\/agora.xtec.cat\/ceip-jruyra-l-h\/wp-json\/wp\/v2\/media?parent=14897"}],"wp:term":[{"taxonomy":"category","embeddable":true,"href":"https:\/\/agora.xtec.cat\/ceip-jruyra-l-h\/wp-json\/wp\/v2\/categories?post=14897"},{"taxonomy":"post_tag","embeddable":true,"href":"https:\/\/agora.xtec.cat\/ceip-jruyra-l-h\/wp-json\/wp\/v2\/tags?post=14897"}],"curies":[{"name":"wp","href":"https:\/\/api.w.org\/{rel}","templated":true}]}}