{"id":14888,"date":"2023-11-09T12:20:00","date_gmt":"2023-11-09T11:20:00","guid":{"rendered":"https:\/\/agora.xtec.cat\/ceip-jruyra-l-h\/?p=14888"},"modified":"2025-02-16T12:22:19","modified_gmt":"2025-02-16T11:22:19","slug":"familiars-a-lescola-ens-donen-la-vida","status":"publish","type":"post","link":"https:\/\/agora.xtec.cat\/ceip-jruyra-l-h\/general\/familiars-a-lescola-ens-donen-la-vida\/","title":{"rendered":"Familiars a l&#8217;escola: Ens donen la vida!"},"content":{"rendered":"<p>Aquestes dues setmanes a la classe de 6\u00e8 A hem tingut el plaer de rebre com a volunt\u00e0ries diverses fam\u00edlies:<\/p>\n<p>A grups interactius de catal\u00e0 ens han ajudat la Susana, la Gina i la Marlene; les mares de la Juliana, del Dylan i de la Brenda respectivament.<\/p>\n<p><img loading=\"lazy\" decoding=\"async\" class=\"alignnone size-large wp-image-14890\" src=\"https:\/\/agora.xtec.cat\/ceip-jruyra-l-h\/wp-content\/uploads\/usu2049\/2023\/11\/PHOTO-2023-11-06-12-38-1411-1024x768.jpg\" alt=\"\" width=\"1024\" height=\"768\" srcset=\"https:\/\/agora.xtec.cat\/ceip-jruyra-l-h\/wp-content\/uploads\/usu2049\/2023\/11\/PHOTO-2023-11-06-12-38-1411.jpg 1024w, https:\/\/agora.xtec.cat\/ceip-jruyra-l-h\/wp-content\/uploads\/usu2049\/2023\/11\/PHOTO-2023-11-06-12-38-1411-300x225.jpg 300w, https:\/\/agora.xtec.cat\/ceip-jruyra-l-h\/wp-content\/uploads\/usu2049\/2023\/11\/PHOTO-2023-11-06-12-38-1411-768x576.jpg 768w, https:\/\/agora.xtec.cat\/ceip-jruyra-l-h\/wp-content\/uploads\/usu2049\/2023\/11\/PHOTO-2023-11-06-12-38-1411-200x150.jpg 200w\" sizes=\"auto, (max-width: 1024px) 100vw, 1024px\" \/><span style=\"font-family: inherit; font-size: 1em;\">\u00a0<\/span><img loading=\"lazy\" decoding=\"async\" class=\"alignnone size-large wp-image-14891\" style=\"font-family: inherit; font-size: 1em;\" src=\"https:\/\/agora.xtec.cat\/ceip-jruyra-l-h\/wp-content\/uploads\/usu2049\/2023\/11\/PHOTO-2023-11-06-12-38-1421-1024x768.jpg\" alt=\"\" width=\"1024\" height=\"768\" srcset=\"https:\/\/agora.xtec.cat\/ceip-jruyra-l-h\/wp-content\/uploads\/usu2049\/2023\/11\/PHOTO-2023-11-06-12-38-1421.jpg 1024w, https:\/\/agora.xtec.cat\/ceip-jruyra-l-h\/wp-content\/uploads\/usu2049\/2023\/11\/PHOTO-2023-11-06-12-38-1421-300x225.jpg 300w, https:\/\/agora.xtec.cat\/ceip-jruyra-l-h\/wp-content\/uploads\/usu2049\/2023\/11\/PHOTO-2023-11-06-12-38-1421-768x576.jpg 768w, https:\/\/agora.xtec.cat\/ceip-jruyra-l-h\/wp-content\/uploads\/usu2049\/2023\/11\/PHOTO-2023-11-06-12-38-1421-200x150.jpg 200w\" sizes=\"auto, (max-width: 1024px) 100vw, 1024px\" \/><span style=\"font-family: inherit; font-size: 1em;\">\u00a0<\/span><\/p>\n<p><img loading=\"lazy\" decoding=\"async\" class=\"alignnone size-large wp-image-14908\" src=\"https:\/\/agora.xtec.cat\/ceip-jruyra-l-h\/wp-content\/uploads\/usu2049\/2023\/11\/Copia_de_PHOTO-2023-11-08-11-48-4411-1024x768.jpg\" alt=\"\" width=\"1024\" height=\"768\" srcset=\"https:\/\/agora.xtec.cat\/ceip-jruyra-l-h\/wp-content\/uploads\/usu2049\/2023\/11\/Copia_de_PHOTO-2023-11-08-11-48-4411.jpg 1024w, https:\/\/agora.xtec.cat\/ceip-jruyra-l-h\/wp-content\/uploads\/usu2049\/2023\/11\/Copia_de_PHOTO-2023-11-08-11-48-4411-300x225.jpg 300w, https:\/\/agora.xtec.cat\/ceip-jruyra-l-h\/wp-content\/uploads\/usu2049\/2023\/11\/Copia_de_PHOTO-2023-11-08-11-48-4411-768x576.jpg 768w, https:\/\/agora.xtec.cat\/ceip-jruyra-l-h\/wp-content\/uploads\/usu2049\/2023\/11\/Copia_de_PHOTO-2023-11-08-11-48-4411-200x150.jpg 200w\" sizes=\"auto, (max-width: 1024px) 100vw, 1024px\" \/><\/p>\n<p>A grups interactius de castell\u00e0 ens ha ajudat la Nuvia, la mare de l&#8217;Estefania.<\/p>\n<p><img loading=\"lazy\" decoding=\"async\" class=\"alignnone size-large wp-image-14910\" src=\"https:\/\/agora.xtec.cat\/ceip-jruyra-l-h\/wp-content\/uploads\/usu2049\/2023\/11\/Copia_de_PHOTO-2023-11-08-11-48-4431-932x768.jpg\" alt=\"\" width=\"932\" height=\"768\" srcset=\"https:\/\/agora.xtec.cat\/ceip-jruyra-l-h\/wp-content\/uploads\/usu2049\/2023\/11\/Copia_de_PHOTO-2023-11-08-11-48-4431-932x768.jpg 932w, https:\/\/agora.xtec.cat\/ceip-jruyra-l-h\/wp-content\/uploads\/usu2049\/2023\/11\/Copia_de_PHOTO-2023-11-08-11-48-4431-300x247.jpg 300w, https:\/\/agora.xtec.cat\/ceip-jruyra-l-h\/wp-content\/uploads\/usu2049\/2023\/11\/Copia_de_PHOTO-2023-11-08-11-48-4431-768x633.jpg 768w, https:\/\/agora.xtec.cat\/ceip-jruyra-l-h\/wp-content\/uploads\/usu2049\/2023\/11\/Copia_de_PHOTO-2023-11-08-11-48-4431.jpg 1024w\" sizes=\"auto, (max-width: 932px) 100vw, 932px\" \/><\/p>\n<p>Com ja sabeu, a l&#8217;escola estem m\u00e9s feli\u00e7os que un g\u00ednjol quan algun pare, mare, familiar o qualsevol persona ens visita per ajudar i col\u00b7laborar en l&#8217;aprenentatge dels nostres infants. L&#8217;impacte positiu que t\u00e9, tant en els alumnes com a la resta de participants de la comunitat d&#8217;aprenentatge en la que ens trobem \u00e9s colossal!<\/p>\n<p>Amb aquest article us volem donar les gr\u00e0cies per la vostra participaci\u00f3 i convidar-vos a aquells i aquelles que encara no heu vingut. No tingueu por, perqu\u00e8 navegarem junts en el mateix vaixell, anomenat Joaquim Ruyra, a trav\u00e9s d&#8217;aquest meravell\u00f3s oce\u00e0 d&#8217;aprenentatges.<\/p>\n<p>Us esperem amb els bra\u00e7os oberts!<\/p>\n<p><img loading=\"lazy\" decoding=\"async\" class=\"alignnone size-large wp-image-14892\" src=\"https:\/\/agora.xtec.cat\/ceip-jruyra-l-h\/wp-content\/uploads\/usu2049\/2023\/11\/PHOTO-2023-11-06-12-38-1431-1024x768.jpg\" alt=\"\" width=\"1024\" height=\"768\" srcset=\"https:\/\/agora.xtec.cat\/ceip-jruyra-l-h\/wp-content\/uploads\/usu2049\/2023\/11\/PHOTO-2023-11-06-12-38-1431.jpg 1024w, https:\/\/agora.xtec.cat\/ceip-jruyra-l-h\/wp-content\/uploads\/usu2049\/2023\/11\/PHOTO-2023-11-06-12-38-1431-300x225.jpg 300w, https:\/\/agora.xtec.cat\/ceip-jruyra-l-h\/wp-content\/uploads\/usu2049\/2023\/11\/PHOTO-2023-11-06-12-38-1431-768x576.jpg 768w, https:\/\/agora.xtec.cat\/ceip-jruyra-l-h\/wp-content\/uploads\/usu2049\/2023\/11\/PHOTO-2023-11-06-12-38-1431-200x150.jpg 200w\" sizes=\"auto, (max-width: 1024px) 100vw, 1024px\" \/><\/p>\n<p><img loading=\"lazy\" decoding=\"async\" class=\"alignnone size-large wp-image-14889\" src=\"https:\/\/agora.xtec.cat\/ceip-jruyra-l-h\/wp-content\/uploads\/usu2049\/2023\/11\/PHOTO-2023-11-06-12-38-141-1024x768.jpg\" alt=\"\" width=\"1024\" height=\"768\" srcset=\"https:\/\/agora.xtec.cat\/ceip-jruyra-l-h\/wp-content\/uploads\/usu2049\/2023\/11\/PHOTO-2023-11-06-12-38-141.jpg 1024w, https:\/\/agora.xtec.cat\/ceip-jruyra-l-h\/wp-content\/uploads\/usu2049\/2023\/11\/PHOTO-2023-11-06-12-38-141-300x225.jpg 300w, https:\/\/agora.xtec.cat\/ceip-jruyra-l-h\/wp-content\/uploads\/usu2049\/2023\/11\/PHOTO-2023-11-06-12-38-141-768x576.jpg 768w, https:\/\/agora.xtec.cat\/ceip-jruyra-l-h\/wp-content\/uploads\/usu2049\/2023\/11\/PHOTO-2023-11-06-12-38-141-200x150.jpg 200w\" sizes=\"auto, (max-width: 1024px) 100vw, 1024px\" \/><\/p>\n<p><img loading=\"lazy\" decoding=\"async\" class=\"alignnone size-large wp-image-14909\" src=\"https:\/\/agora.xtec.cat\/ceip-jruyra-l-h\/wp-content\/uploads\/usu2049\/2023\/11\/Copia_de_PHOTO-2023-11-08-11-48-4421-1024x768.jpg\" alt=\"\" width=\"1024\" height=\"768\" srcset=\"https:\/\/agora.xtec.cat\/ceip-jruyra-l-h\/wp-content\/uploads\/usu2049\/2023\/11\/Copia_de_PHOTO-2023-11-08-11-48-4421.jpg 1024w, https:\/\/agora.xtec.cat\/ceip-jruyra-l-h\/wp-content\/uploads\/usu2049\/2023\/11\/Copia_de_PHOTO-2023-11-08-11-48-4421-300x225.jpg 300w, https:\/\/agora.xtec.cat\/ceip-jruyra-l-h\/wp-content\/uploads\/usu2049\/2023\/11\/Copia_de_PHOTO-2023-11-08-11-48-4421-768x576.jpg 768w, https:\/\/agora.xtec.cat\/ceip-jruyra-l-h\/wp-content\/uploads\/usu2049\/2023\/11\/Copia_de_PHOTO-2023-11-08-11-48-4421-200x150.jpg 200w\" sizes=\"auto, (max-width: 1024px) 100vw, 1024px\" \/><\/p>\n<p><img loading=\"lazy\" decoding=\"async\" class=\"alignnone size-large wp-image-14907\" src=\"https:\/\/agora.xtec.cat\/ceip-jruyra-l-h\/wp-content\/uploads\/usu2049\/2023\/11\/Copia_de_PHOTO-2023-11-08-11-48-441-1024x768.jpg\" alt=\"\" width=\"1024\" height=\"768\" srcset=\"https:\/\/agora.xtec.cat\/ceip-jruyra-l-h\/wp-content\/uploads\/usu2049\/2023\/11\/Copia_de_PHOTO-2023-11-08-11-48-441.jpg 1024w, https:\/\/agora.xtec.cat\/ceip-jruyra-l-h\/wp-content\/uploads\/usu2049\/2023\/11\/Copia_de_PHOTO-2023-11-08-11-48-441-300x225.jpg 300w, https:\/\/agora.xtec.cat\/ceip-jruyra-l-h\/wp-content\/uploads\/usu2049\/2023\/11\/Copia_de_PHOTO-2023-11-08-11-48-441-768x576.jpg 768w, https:\/\/agora.xtec.cat\/ceip-jruyra-l-h\/wp-content\/uploads\/usu2049\/2023\/11\/Copia_de_PHOTO-2023-11-08-11-48-441-200x150.jpg 200w\" sizes=\"auto, (max-width: 1024px) 100vw, 1024px\" \/><\/p>\n","protected":false},"excerpt":{"rendered":"<p>Aquestes dues setmanes a la classe de 6\u00e8 A hem tingut el plaer de rebre com a volunt\u00e0ries diverses fam\u00edlies:<br \/>\nA grups interactius de catal\u00e0 ens han ajudat la Susana, la Gina i la Marlene; les mares de la Juliana, del Dylan i de la Brenda&hellip;  <a href=\"https:\/\/agora.xtec.cat\/ceip-jruyra-l-h\/general\/familiars-a-lescola-ens-donen-la-vida\/\" title=\"Read Familiars a l&#8217;escola: Ens donen la vida!\">Llegeix m\u00e9s\u00bb<\/a><\/p>\n","protected":false},"author":1,"featured_media":14907,"comment_status":"open","ping_status":"closed","sticky":false,"template":"","format":"standard","meta":{"_bbp_topic_count":0,"_bbp_reply_count":0,"_bbp_total_topic_count":0,"_bbp_total_reply_count":0,"_bbp_voice_count":0,"_bbp_anonymous_reply_count":0,"_bbp_topic_count_hidden":0,"_bbp_reply_count_hidden":0,"_bbp_forum_subforum_count":0,"footnotes":""},"categories":[15,60,1,4,5],"tags":[71,83,64,67],"class_list":["post-14888","post","type-post","status-publish","format-standard","has-post-thumbnail","hentry","category-6e","category-cdaxarxa","category-general","category-portada","category-primaria","tag-actuacions-educatives-dexit","tag-comunitats-daprenentatge","tag-grups-interactius","tag-participacio-educativa-de-la-comunitat"],"post_mailing_queue_ids":[],"_links":{"self":[{"href":"https:\/\/agora.xtec.cat\/ceip-jruyra-l-h\/wp-json\/wp\/v2\/posts\/14888","targetHints":{"allow":["GET"]}}],"collection":[{"href":"https:\/\/agora.xtec.cat\/ceip-jruyra-l-h\/wp-json\/wp\/v2\/posts"}],"about":[{"href":"https:\/\/agora.xtec.cat\/ceip-jruyra-l-h\/wp-json\/wp\/v2\/types\/post"}],"author":[{"embeddable":true,"href":"https:\/\/agora.xtec.cat\/ceip-jruyra-l-h\/wp-json\/wp\/v2\/users\/1"}],"replies":[{"embeddable":true,"href":"https:\/\/agora.xtec.cat\/ceip-jruyra-l-h\/wp-json\/wp\/v2\/comments?post=14888"}],"version-history":[{"count":5,"href":"https:\/\/agora.xtec.cat\/ceip-jruyra-l-h\/wp-json\/wp\/v2\/posts\/14888\/revisions"}],"predecessor-version":[{"id":14922,"href":"https:\/\/agora.xtec.cat\/ceip-jruyra-l-h\/wp-json\/wp\/v2\/posts\/14888\/revisions\/14922"}],"wp:featuredmedia":[{"embeddable":true,"href":"https:\/\/agora.xtec.cat\/ceip-jruyra-l-h\/wp-json\/wp\/v2\/media\/14907"}],"wp:attachment":[{"href":"https:\/\/agora.xtec.cat\/ceip-jruyra-l-h\/wp-json\/wp\/v2\/media?parent=14888"}],"wp:term":[{"taxonomy":"category","embeddable":true,"href":"https:\/\/agora.xtec.cat\/ceip-jruyra-l-h\/wp-json\/wp\/v2\/categories?post=14888"},{"taxonomy":"post_tag","embeddable":true,"href":"https:\/\/agora.xtec.cat\/ceip-jruyra-l-h\/wp-json\/wp\/v2\/tags?post=14888"}],"curies":[{"name":"wp","href":"https:\/\/api.w.org\/{rel}","templated":true}]}}