{"id":14843,"date":"2023-11-06T10:08:16","date_gmt":"2023-11-06T09:08:16","guid":{"rendered":"https:\/\/agora.xtec.cat\/ceip-jruyra-l-h\/?p=14843"},"modified":"2023-11-06T10:09:24","modified_gmt":"2023-11-06T09:09:24","slug":"castanyada-i3","status":"publish","type":"post","link":"https:\/\/agora.xtec.cat\/ceip-jruyra-l-h\/infantil\/i3\/castanyada-i3\/","title":{"rendered":"Castanyada I3"},"content":{"rendered":"<p><span style=\"font-weight: 400;\">Hola fam\u00edlies d\u00b4I3!<\/span><\/p>\n<p><span style=\"font-weight: 400;\">El dimarts vam celebrar la festa de la castanyada i vam realitzar un concert al mat\u00ed. A la classe de m\u00fasica vam preparar el concert i a la sessi\u00f3 de pl\u00e0stica vam realitzar unes medalles del gat Marrameu ben boniques.\u00a0<\/span><\/p>\n<p><span style=\"font-weight: 400;\">A la tarda vam gaudir de castanyes i de balls al pati petit amb tots els infants d&#8217;Infantil.\u00a0<\/span><\/p>\n<p><span style=\"font-weight: 400;\">Us deixem les fotos m\u00e9s especials de la festa perqu\u00e8 veieu com nosaltres van gaudir de la nostra primera festa.\u00a0Cliqueu en el seg\u00fcent enlla\u00e7 per veure les imatges:<\/span><\/p>\n<p><a href=\"https:\/\/drive.google.com\/drive\/folders\/1-3KVDqSl-AHoXe382lTA9L7CxZAS_sZc?usp=drive_link\">https:\/\/drive.google.com\/drive\/folders\/1-3KVDqSl-AHoXe382lTA9L7CxZAS_sZc?usp=drive_link<\/a><\/p>\n","protected":false},"excerpt":{"rendered":"<p>Hola fam\u00edlies d\u00b4I3!<br \/>\nEl dimarts vam celebrar la festa de la castanyada i vam realitzar un concert al mat\u00ed. A la classe de m\u00fasica vam preparar el concert i a la sessi\u00f3 de pl\u00e0stica vam realitzar unes medalles del gat Marrameu ben boniques.\u00a0<br \/>\nA la tarda vam&hellip;  <a href=\"https:\/\/agora.xtec.cat\/ceip-jruyra-l-h\/infantil\/i3\/castanyada-i3\/\" title=\"Read Castanyada I3\">Llegeix m\u00e9s\u00bb<\/a><\/p>\n","protected":false},"author":1,"featured_media":14832,"comment_status":"open","ping_status":"closed","sticky":false,"template":"","format":"standard","meta":{"_bbp_topic_count":0,"_bbp_reply_count":0,"_bbp_total_topic_count":0,"_bbp_total_reply_count":0,"_bbp_voice_count":0,"_bbp_anonymous_reply_count":0,"_bbp_topic_count_hidden":0,"_bbp_reply_count_hidden":0,"_bbp_forum_subforum_count":0,"footnotes":""},"categories":[3],"tags":[],"class_list":["post-14843","post","type-post","status-publish","format-standard","has-post-thumbnail","hentry","category-i3"],"post_mailing_queue_ids":[],"_links":{"self":[{"href":"https:\/\/agora.xtec.cat\/ceip-jruyra-l-h\/wp-json\/wp\/v2\/posts\/14843","targetHints":{"allow":["GET"]}}],"collection":[{"href":"https:\/\/agora.xtec.cat\/ceip-jruyra-l-h\/wp-json\/wp\/v2\/posts"}],"about":[{"href":"https:\/\/agora.xtec.cat\/ceip-jruyra-l-h\/wp-json\/wp\/v2\/types\/post"}],"author":[{"embeddable":true,"href":"https:\/\/agora.xtec.cat\/ceip-jruyra-l-h\/wp-json\/wp\/v2\/users\/1"}],"replies":[{"embeddable":true,"href":"https:\/\/agora.xtec.cat\/ceip-jruyra-l-h\/wp-json\/wp\/v2\/comments?post=14843"}],"version-history":[{"count":3,"href":"https:\/\/agora.xtec.cat\/ceip-jruyra-l-h\/wp-json\/wp\/v2\/posts\/14843\/revisions"}],"predecessor-version":[{"id":14878,"href":"https:\/\/agora.xtec.cat\/ceip-jruyra-l-h\/wp-json\/wp\/v2\/posts\/14843\/revisions\/14878"}],"wp:featuredmedia":[{"embeddable":true,"href":"https:\/\/agora.xtec.cat\/ceip-jruyra-l-h\/wp-json\/wp\/v2\/media\/14832"}],"wp:attachment":[{"href":"https:\/\/agora.xtec.cat\/ceip-jruyra-l-h\/wp-json\/wp\/v2\/media?parent=14843"}],"wp:term":[{"taxonomy":"category","embeddable":true,"href":"https:\/\/agora.xtec.cat\/ceip-jruyra-l-h\/wp-json\/wp\/v2\/categories?post=14843"},{"taxonomy":"post_tag","embeddable":true,"href":"https:\/\/agora.xtec.cat\/ceip-jruyra-l-h\/wp-json\/wp\/v2\/tags?post=14843"}],"curies":[{"name":"wp","href":"https:\/\/api.w.org\/{rel}","templated":true}]}}