{"id":14842,"date":"2023-11-07T10:07:45","date_gmt":"2023-11-07T09:07:45","guid":{"rendered":"https:\/\/agora.xtec.cat\/ceip-jruyra-l-h\/?p=14842"},"modified":"2023-11-06T10:07:56","modified_gmt":"2023-11-06T09:07:56","slug":"adaptacio-i3","status":"publish","type":"post","link":"https:\/\/agora.xtec.cat\/ceip-jruyra-l-h\/infantil\/adaptacio-i3\/","title":{"rendered":"Adaptaci\u00f3 I3"},"content":{"rendered":"<p>Benvingudes fam\u00edlies!<\/p>\n<p>Ja hem superat el per\u00edode d&#8217;adaptaci\u00f3 a l&#8217;escola. Com podeu observar els infants ja entran molt contents i els plors i l&#8217;angoixa han marxat. Els m\u00e9s petits del Joaquim Ruyra ja s&#8217;estant adaptant a les rutines i activitats que portem a terme durant el dia.<\/p>\n<p>A continuaci\u00f3 trobareu un recull de fotos, heu de clicar a l&#8217;enlla\u00e7 del vostre grup-classe<\/p>\n<p>I3A: <a href=\"https:\/\/drive.google.com\/drive\/folders\/1wARwIUJmjsrA-TnsEO9ERw_TQdG56dkA?usp=drive_link\">https:\/\/drive.google.com\/drive\/folders\/1wARwIUJmjsrA-TnsEO9ERw_TQdG56dkA?usp=drive_link<\/a><\/p>\n<p>I3B: <a href=\"https:\/\/drive.google.com\/drive\/folders\/1fFVhh4WeJ7fBxNdXjfsyrFO7DgELs6kN?usp=drive_link\">https:\/\/drive.google.com\/drive\/folders\/1fFVhh4WeJ7fBxNdXjfsyrFO7DgELs6kN?usp=drive_link<\/a><\/p>\n<p>I3C: <a href=\"https:\/\/drive.google.com\/drive\/folders\/1V8EtPLRAyT2YldtytRPOE-AxUMQ5aiU_?usp=drive_link\">https:\/\/drive.google.com\/drive\/folders\/1V8EtPLRAyT2YldtytRPOE-AxUMQ5aiU_?usp=drive_link<\/a><\/p>\n<p>Esperem que us agradin<\/p>\n<p>Les tutores d&#8217;I3<\/p>\n","protected":false},"excerpt":{"rendered":"<p>PROC\u00c9S D&#8217;ADAPTACI\u00d3 DELS M\u00c9S PETITS DEL CENTRE&hellip;  <a href=\"https:\/\/agora.xtec.cat\/ceip-jruyra-l-h\/infantil\/adaptacio-i3\/\" title=\"Read Adaptaci\u00f3 I3\">Llegeix m\u00e9s\u00bb<\/a><\/p>\n","protected":false},"author":1,"featured_media":14845,"comment_status":"open","ping_status":"closed","sticky":false,"template":"","format":"standard","meta":{"_bbp_topic_count":0,"_bbp_reply_count":0,"_bbp_total_topic_count":0,"_bbp_total_reply_count":0,"_bbp_voice_count":0,"_bbp_anonymous_reply_count":0,"_bbp_topic_count_hidden":0,"_bbp_reply_count_hidden":0,"_bbp_forum_subforum_count":0,"footnotes":""},"categories":[2,3],"tags":[],"class_list":["post-14842","post","type-post","status-publish","format-standard","has-post-thumbnail","hentry","category-infantil","category-i3"],"post_mailing_queue_ids":[],"_links":{"self":[{"href":"https:\/\/agora.xtec.cat\/ceip-jruyra-l-h\/wp-json\/wp\/v2\/posts\/14842","targetHints":{"allow":["GET"]}}],"collection":[{"href":"https:\/\/agora.xtec.cat\/ceip-jruyra-l-h\/wp-json\/wp\/v2\/posts"}],"about":[{"href":"https:\/\/agora.xtec.cat\/ceip-jruyra-l-h\/wp-json\/wp\/v2\/types\/post"}],"author":[{"embeddable":true,"href":"https:\/\/agora.xtec.cat\/ceip-jruyra-l-h\/wp-json\/wp\/v2\/users\/1"}],"replies":[{"embeddable":true,"href":"https:\/\/agora.xtec.cat\/ceip-jruyra-l-h\/wp-json\/wp\/v2\/comments?post=14842"}],"version-history":[{"count":2,"href":"https:\/\/agora.xtec.cat\/ceip-jruyra-l-h\/wp-json\/wp\/v2\/posts\/14842\/revisions"}],"predecessor-version":[{"id":14848,"href":"https:\/\/agora.xtec.cat\/ceip-jruyra-l-h\/wp-json\/wp\/v2\/posts\/14842\/revisions\/14848"}],"wp:featuredmedia":[{"embeddable":true,"href":"https:\/\/agora.xtec.cat\/ceip-jruyra-l-h\/wp-json\/wp\/v2\/media\/14845"}],"wp:attachment":[{"href":"https:\/\/agora.xtec.cat\/ceip-jruyra-l-h\/wp-json\/wp\/v2\/media?parent=14842"}],"wp:term":[{"taxonomy":"category","embeddable":true,"href":"https:\/\/agora.xtec.cat\/ceip-jruyra-l-h\/wp-json\/wp\/v2\/categories?post=14842"},{"taxonomy":"post_tag","embeddable":true,"href":"https:\/\/agora.xtec.cat\/ceip-jruyra-l-h\/wp-json\/wp\/v2\/tags?post=14842"}],"curies":[{"name":"wp","href":"https:\/\/api.w.org\/{rel}","templated":true}]}}