{"id":14838,"date":"2023-11-02T10:56:53","date_gmt":"2023-11-02T09:56:53","guid":{"rendered":"https:\/\/agora.xtec.cat\/ceip-jruyra-l-h\/?p=14838"},"modified":"2023-11-02T10:56:53","modified_gmt":"2023-11-02T09:56:53","slug":"castanyada-a-cicle-mitja","status":"publish","type":"post","link":"https:\/\/agora.xtec.cat\/ceip-jruyra-l-h\/primaria\/3r\/castanyada-a-cicle-mitja\/","title":{"rendered":"Castanyada a Cicle mitj\u00e0!"},"content":{"rendered":"<p>Hola a tothom!<\/p>\n<p>El passat dimarts dia 31 d&#8217;octubre vam celebrar la Castanyada! Va ser un dia molt emocionant i divertit.<\/p>\n<p>Al cicle mitj\u00e0 vam fer Grups Interactius amb activitats relacionades amb la tardor i la Castanyada. Hem pogut con\u00e8ixer les diferents fruites de la tardor, com els caquis, el codony, les magranes, els fruits secs, les castanyes&#8230; A m\u00e9s, hem fet un tastet de les diferents fruites, les vam tastar i olorar. Tamb\u00e9 hem inventat o apr\u00e8s poemes relacionats amb la tardor. Hem posat en marxa la nostra creativitat.<\/p>\n<p>Va ser un dia genial!<\/p>\n<p>Finalment, volem agra\u00efr a les fam\u00edlies la seva col\u00b7laboraci\u00f3 a l&#8217;hora de fer les castanyes. Moltes gr\u00e0cies!!!<\/p>\n<p>Si piqueu en aquest <a href=\"https:\/\/drive.google.com\/drive\/folders\/1-7NhGJHW6GyR_a-Pe6gLRrf0PYnKKVjy?usp=drive_link\">enlla\u00e7<\/a>, podreu veure les fotos d&#8217;aquest dia!<\/p>\n<p><a href=\"https:\/\/drive.google.com\/drive\/folders\/1-7NhGJHW6GyR_a-Pe6gLRrf0PYnKKVjy?usp=drive_link\"><img loading=\"lazy\" decoding=\"async\" class=\"aligncenter size-large wp-image-14839\" src=\"https:\/\/agora.xtec.cat\/ceip-jruyra-l-h\/wp-content\/uploads\/usu2049\/2023\/11\/La-castanyada-1024x576.jpg\" alt=\"\" width=\"1024\" height=\"576\" srcset=\"https:\/\/agora.xtec.cat\/ceip-jruyra-l-h\/wp-content\/uploads\/usu2049\/2023\/11\/La-castanyada-1024x576.jpg 1024w, https:\/\/agora.xtec.cat\/ceip-jruyra-l-h\/wp-content\/uploads\/usu2049\/2023\/11\/La-castanyada-300x169.jpg 300w, https:\/\/agora.xtec.cat\/ceip-jruyra-l-h\/wp-content\/uploads\/usu2049\/2023\/11\/La-castanyada-768x432.jpg 768w, https:\/\/agora.xtec.cat\/ceip-jruyra-l-h\/wp-content\/uploads\/usu2049\/2023\/11\/La-castanyada.jpg 1280w\" sizes=\"auto, (max-width: 1024px) 100vw, 1024px\" \/><\/a><\/p>\n<p>Fins la propera!<\/p>\n","protected":false},"excerpt":{"rendered":"<p>Hola a tothom!<br \/>\nEl passat dimarts dia 31 d&#8217;octubre vam celebrar la Castanyada! Va ser un dia molt emocionant i divertit.<br \/>\nAl cicle mitj\u00e0 vam fer Grups Interactius amb activitats relacionades amb la tardor i la Castanyada. Hem pogut con\u00e8ixer les diferents fruites de la tardor, com&hellip;  <a href=\"https:\/\/agora.xtec.cat\/ceip-jruyra-l-h\/primaria\/3r\/castanyada-a-cicle-mitja\/\" title=\"Read Castanyada a Cicle mitj\u00e0!\">Llegeix m\u00e9s\u00bb<\/a><\/p>\n","protected":false},"author":5,"featured_media":14839,"comment_status":"open","ping_status":"closed","sticky":false,"template":"","format":"standard","meta":{"_bbp_topic_count":0,"_bbp_reply_count":0,"_bbp_total_topic_count":0,"_bbp_total_reply_count":0,"_bbp_voice_count":0,"_bbp_anonymous_reply_count":0,"_bbp_topic_count_hidden":0,"_bbp_reply_count_hidden":0,"_bbp_forum_subforum_count":0,"footnotes":""},"categories":[12,13],"tags":[],"class_list":["post-14838","post","type-post","status-publish","format-standard","has-post-thumbnail","hentry","category-3r","category-4t"],"post_mailing_queue_ids":[],"_links":{"self":[{"href":"https:\/\/agora.xtec.cat\/ceip-jruyra-l-h\/wp-json\/wp\/v2\/posts\/14838","targetHints":{"allow":["GET"]}}],"collection":[{"href":"https:\/\/agora.xtec.cat\/ceip-jruyra-l-h\/wp-json\/wp\/v2\/posts"}],"about":[{"href":"https:\/\/agora.xtec.cat\/ceip-jruyra-l-h\/wp-json\/wp\/v2\/types\/post"}],"author":[{"embeddable":true,"href":"https:\/\/agora.xtec.cat\/ceip-jruyra-l-h\/wp-json\/wp\/v2\/users\/5"}],"replies":[{"embeddable":true,"href":"https:\/\/agora.xtec.cat\/ceip-jruyra-l-h\/wp-json\/wp\/v2\/comments?post=14838"}],"version-history":[{"count":1,"href":"https:\/\/agora.xtec.cat\/ceip-jruyra-l-h\/wp-json\/wp\/v2\/posts\/14838\/revisions"}],"predecessor-version":[{"id":14840,"href":"https:\/\/agora.xtec.cat\/ceip-jruyra-l-h\/wp-json\/wp\/v2\/posts\/14838\/revisions\/14840"}],"wp:featuredmedia":[{"embeddable":true,"href":"https:\/\/agora.xtec.cat\/ceip-jruyra-l-h\/wp-json\/wp\/v2\/media\/14839"}],"wp:attachment":[{"href":"https:\/\/agora.xtec.cat\/ceip-jruyra-l-h\/wp-json\/wp\/v2\/media?parent=14838"}],"wp:term":[{"taxonomy":"category","embeddable":true,"href":"https:\/\/agora.xtec.cat\/ceip-jruyra-l-h\/wp-json\/wp\/v2\/categories?post=14838"},{"taxonomy":"post_tag","embeddable":true,"href":"https:\/\/agora.xtec.cat\/ceip-jruyra-l-h\/wp-json\/wp\/v2\/tags?post=14838"}],"curies":[{"name":"wp","href":"https:\/\/api.w.org\/{rel}","templated":true}]}}