{"id":14828,"date":"2023-10-31T22:24:25","date_gmt":"2023-10-31T21:24:25","guid":{"rendered":"https:\/\/agora.xtec.cat\/ceip-jruyra-l-h\/?p=14828"},"modified":"2023-10-31T22:24:25","modified_gmt":"2023-10-31T21:24:25","slug":"infantil-la-canco-del-marrameu","status":"publish","type":"post","link":"https:\/\/agora.xtec.cat\/ceip-jruyra-l-h\/infantil\/infantil-la-canco-del-marrameu\/","title":{"rendered":"Infantil: La can\u00e7\u00f3 del Marrameu"},"content":{"rendered":"<p>Hola fam\u00edlies!<\/p>\n<p>Ja ha arribat el gran dia: el primer gran concert d\u2019infantil! Per\u00f2 per poder arribar aqu\u00ed han passat hores d\u2019assajos, d\u2019elaboraci\u00f3 dels complements, de tot el que cal per poder oferir-vos un espectacle com cal, afegint els nervis de mostrar tot aquest esfor\u00e7 a la resta de companys i companyes de l\u2019escola aix\u00ed com a tots vosaltres.<\/p>\n<p>Voleu veure el resultat? S\u00ed? Doncs en el seg\u00fcent enlla\u00e7 podreu veure i escoltar el ball del Marrameu, un gat molt particular que sempre acompanya a la Castanyera en aquestes dates assenyalades.<\/p>\n<p>A gaudir de l\u2019espectacle!!!<\/p>\n<p><a href=\"https:\/\/drive.google.com\/drive\/folders\/1wM_azjdwnnCagIEK6_ZzOrx9jUtJIv1U?usp=sharing\">https:\/\/drive.google.com\/drive\/folders\/1wM_azjdwnnCagIEK6_ZzOrx9jUtJIv1U?usp=sharing<\/a><\/p>\n","protected":false},"excerpt":{"rendered":"<p>Hola fam\u00edlies!<br \/>\nJa ha arribat el gran dia: el primer gran concert d\u2019infantil! Per\u00f2 per poder arribar aqu\u00ed han passat hores d\u2019assajos, d\u2019elaboraci\u00f3 dels complements, de tot el que cal per poder oferir-vos un espectacle com cal, afegint els nervis de mostrar tot aquest esfor\u00e7 a&hellip;  <a href=\"https:\/\/agora.xtec.cat\/ceip-jruyra-l-h\/infantil\/infantil-la-canco-del-marrameu\/\" title=\"Read Infantil: La can\u00e7\u00f3 del Marrameu\">Llegeix m\u00e9s\u00bb<\/a><\/p>\n","protected":false},"author":19,"featured_media":14829,"comment_status":"open","ping_status":"closed","sticky":false,"template":"","format":"standard","meta":{"_bbp_topic_count":0,"_bbp_reply_count":0,"_bbp_total_topic_count":0,"_bbp_total_reply_count":0,"_bbp_voice_count":0,"_bbp_anonymous_reply_count":0,"_bbp_topic_count_hidden":0,"_bbp_reply_count_hidden":0,"_bbp_forum_subforum_count":0,"footnotes":""},"categories":[2,3,8,9],"tags":[],"class_list":["post-14828","post","type-post","status-publish","format-standard","has-post-thumbnail","hentry","category-infantil","category-i3","category-i4","category-i5"],"post_mailing_queue_ids":[],"_links":{"self":[{"href":"https:\/\/agora.xtec.cat\/ceip-jruyra-l-h\/wp-json\/wp\/v2\/posts\/14828","targetHints":{"allow":["GET"]}}],"collection":[{"href":"https:\/\/agora.xtec.cat\/ceip-jruyra-l-h\/wp-json\/wp\/v2\/posts"}],"about":[{"href":"https:\/\/agora.xtec.cat\/ceip-jruyra-l-h\/wp-json\/wp\/v2\/types\/post"}],"author":[{"embeddable":true,"href":"https:\/\/agora.xtec.cat\/ceip-jruyra-l-h\/wp-json\/wp\/v2\/users\/19"}],"replies":[{"embeddable":true,"href":"https:\/\/agora.xtec.cat\/ceip-jruyra-l-h\/wp-json\/wp\/v2\/comments?post=14828"}],"version-history":[{"count":1,"href":"https:\/\/agora.xtec.cat\/ceip-jruyra-l-h\/wp-json\/wp\/v2\/posts\/14828\/revisions"}],"predecessor-version":[{"id":14830,"href":"https:\/\/agora.xtec.cat\/ceip-jruyra-l-h\/wp-json\/wp\/v2\/posts\/14828\/revisions\/14830"}],"wp:featuredmedia":[{"embeddable":true,"href":"https:\/\/agora.xtec.cat\/ceip-jruyra-l-h\/wp-json\/wp\/v2\/media\/14829"}],"wp:attachment":[{"href":"https:\/\/agora.xtec.cat\/ceip-jruyra-l-h\/wp-json\/wp\/v2\/media?parent=14828"}],"wp:term":[{"taxonomy":"category","embeddable":true,"href":"https:\/\/agora.xtec.cat\/ceip-jruyra-l-h\/wp-json\/wp\/v2\/categories?post=14828"},{"taxonomy":"post_tag","embeddable":true,"href":"https:\/\/agora.xtec.cat\/ceip-jruyra-l-h\/wp-json\/wp\/v2\/tags?post=14828"}],"curies":[{"name":"wp","href":"https:\/\/api.w.org\/{rel}","templated":true}]}}