{"id":14822,"date":"2025-10-27T09:48:16","date_gmt":"2025-10-27T08:48:16","guid":{"rendered":"https:\/\/agora.xtec.cat\/ceip-jruyra-l-h\/?p=14822"},"modified":"2025-10-28T15:31:17","modified_gmt":"2025-10-28T14:31:17","slug":"convocatoria-deleccions-al-consell-escolar","status":"publish","type":"post","link":"https:\/\/agora.xtec.cat\/ceip-jruyra-l-h\/general\/convocatoria-deleccions-al-consell-escolar\/","title":{"rendered":"Convocat\u00f2ria d&#8217;Eleccions al Consell Escolar"},"content":{"rendered":"<p>Benvolgudes fam\u00edlies,<\/p>\n<p>Avui comen\u00e7a el proc\u00e9s de renovaci\u00f3 parcial dels membres del Consell Escolar. En aquesta ocasi\u00f3 es renoven 2 membres del sector pares i mares i 3 membres del sector del professorat.<\/p>\n<p>Aqu\u00ed us detallem els passos a seguir:<\/p>\n<p><img loading=\"lazy\" decoding=\"async\" class=\"alignnone size-large wp-image-16992\" src=\"https:\/\/agora.xtec.cat\/ceip-jruyra-l-h\/wp-content\/uploads\/usu2049\/2023\/10\/Captura-669x768.jpg\" alt=\"\" width=\"669\" height=\"768\" srcset=\"https:\/\/agora.xtec.cat\/ceip-jruyra-l-h\/wp-content\/uploads\/usu2049\/2023\/10\/Captura-669x768.jpg 669w, https:\/\/agora.xtec.cat\/ceip-jruyra-l-h\/wp-content\/uploads\/usu2049\/2023\/10\/Captura-261x300.jpg 261w, https:\/\/agora.xtec.cat\/ceip-jruyra-l-h\/wp-content\/uploads\/usu2049\/2023\/10\/Captura.jpg 679w\" sizes=\"auto, (max-width: 669px) 100vw, 669px\" \/><\/p>\n<h6><strong><u>Com es pot ser membre del Consell Escolar?<\/u><\/strong><\/h6>\n<p>La presentaci\u00f3 es pot fer tant de manera presencial (al despatx de direcci\u00f3) com telem\u00e0tica fins al dia 13 de novembre <a href=\"https:\/\/forms.gle\/bx69gVmnN2a1S9JH8\" target=\"_blank\" rel=\"noopener noreferrer\">fent click aqu\u00ed <\/a><a href=\"https:\/\/forms.gle\/bx69gVmnN2a1S9JH8\" target=\"_blank\" rel=\"noopener noreferrer\"><img loading=\"lazy\" decoding=\"async\" class=\"alignnone\" src=\"https:\/\/agora.xtec.cat\/ceipvictorcatala\/wp-content\/uploads\/usu1671\/2020\/05\/aqui%CC%81-2.png\" alt=\"\" width=\"29\" height=\"29\" \/><\/a><\/p>\n<p>Passat el termini es procedir\u00e0 a la publicaci\u00f3 de les candidatures.<\/p>\n<p>Tots els pares, mares o tutors dels alumnes s\u00f3n electors i es poden presentar com a candidats. Tenen el dret i el deure de participar en les votacions. Per poder votar s\u2019ha de portar el DNI\/NIE o passaport.<\/p>\n<p>Atentament<\/p>\n<p>La Direcci\u00f3<\/p>\n","protected":false},"excerpt":{"rendered":"<p>Benvolgudes fam\u00edlies,<br \/>\nAvui comen\u00e7a el proc\u00e9s de renovaci\u00f3 parcial dels membres del Consell Escolar. En aquesta ocasi\u00f3 es renoven 2 membres del sector pares i mares i 3 membres del sector del professorat.<br \/>\nAqu\u00ed us detallem els passos a seguir:<\/p>\n<p>Com es pot ser membre del Consell Escolar?<br \/>\nLa&hellip;  <a href=\"https:\/\/agora.xtec.cat\/ceip-jruyra-l-h\/general\/convocatoria-deleccions-al-consell-escolar\/\" title=\"Read Convocat\u00f2ria d&#8217;Eleccions al Consell Escolar\">Llegeix m\u00e9s\u00bb<\/a><\/p>\n","protected":false},"author":3,"featured_media":17012,"comment_status":"open","ping_status":"closed","sticky":false,"template":"","format":"standard","meta":{"_bbp_topic_count":0,"_bbp_reply_count":0,"_bbp_total_topic_count":0,"_bbp_total_reply_count":0,"_bbp_voice_count":0,"_bbp_anonymous_reply_count":0,"_bbp_topic_count_hidden":0,"_bbp_reply_count_hidden":0,"_bbp_forum_subforum_count":0,"footnotes":""},"categories":[60,1],"tags":[],"class_list":["post-14822","post","type-post","status-publish","format-standard","has-post-thumbnail","hentry","category-cdaxarxa","category-general"],"post_mailing_queue_ids":[],"_links":{"self":[{"href":"https:\/\/agora.xtec.cat\/ceip-jruyra-l-h\/wp-json\/wp\/v2\/posts\/14822","targetHints":{"allow":["GET"]}}],"collection":[{"href":"https:\/\/agora.xtec.cat\/ceip-jruyra-l-h\/wp-json\/wp\/v2\/posts"}],"about":[{"href":"https:\/\/agora.xtec.cat\/ceip-jruyra-l-h\/wp-json\/wp\/v2\/types\/post"}],"author":[{"embeddable":true,"href":"https:\/\/agora.xtec.cat\/ceip-jruyra-l-h\/wp-json\/wp\/v2\/users\/3"}],"replies":[{"embeddable":true,"href":"https:\/\/agora.xtec.cat\/ceip-jruyra-l-h\/wp-json\/wp\/v2\/comments?post=14822"}],"version-history":[{"count":2,"href":"https:\/\/agora.xtec.cat\/ceip-jruyra-l-h\/wp-json\/wp\/v2\/posts\/14822\/revisions"}],"predecessor-version":[{"id":16993,"href":"https:\/\/agora.xtec.cat\/ceip-jruyra-l-h\/wp-json\/wp\/v2\/posts\/14822\/revisions\/16993"}],"wp:featuredmedia":[{"embeddable":true,"href":"https:\/\/agora.xtec.cat\/ceip-jruyra-l-h\/wp-json\/wp\/v2\/media\/17012"}],"wp:attachment":[{"href":"https:\/\/agora.xtec.cat\/ceip-jruyra-l-h\/wp-json\/wp\/v2\/media?parent=14822"}],"wp:term":[{"taxonomy":"category","embeddable":true,"href":"https:\/\/agora.xtec.cat\/ceip-jruyra-l-h\/wp-json\/wp\/v2\/categories?post=14822"},{"taxonomy":"post_tag","embeddable":true,"href":"https:\/\/agora.xtec.cat\/ceip-jruyra-l-h\/wp-json\/wp\/v2\/tags?post=14822"}],"curies":[{"name":"wp","href":"https:\/\/api.w.org\/{rel}","templated":true}]}}