{"id":14790,"date":"2023-10-30T09:44:11","date_gmt":"2023-10-30T08:44:11","guid":{"rendered":"https:\/\/agora.xtec.cat\/ceip-jruyra-l-h\/?p=14790"},"modified":"2023-10-30T09:44:19","modified_gmt":"2023-10-30T08:44:19","slug":"taller-cada-brossa-al-seu-color","status":"publish","type":"post","link":"https:\/\/agora.xtec.cat\/ceip-jruyra-l-h\/general\/taller-cada-brossa-al-seu-color\/","title":{"rendered":"Taller &#8220;CADA BROSSA AL SEU COLOR&#8221;"},"content":{"rendered":"<p>Benvolgudes fam\u00edlies,<\/p>\n<p>Aquesta setmana els nens i nenes de I4A i I4B han \u00a0realitzat un taller molt especial \u201cCada brossa al seu color\u201d.\u00a0 Era un taller per conscienciar de la import\u00e0ncia que t\u00e9 el reciclatge i reutilitzar totes les coses que tenim a casa per treure&#8217;ls m\u00e9s rendibilitat.<\/p>\n<p>El taller va comen\u00e7ar amb la visualitzaci\u00f3 d\u2019un llop molt simp\u00e0tic que ens ha recordat on hem de llen\u00e7ar la brossa que generem i com \u00e9s d\u2019important reciclar per mantenir tots els espais nets i poder reutilitzar el material aprofitable.<\/p>\n<p>Despr\u00e9s, hem apr\u00e8s a fer pintures amb elements que tenim a casa. Vam utilitzar sab\u00f3 de color blanc i el vam barrejar amb diferents elements per crear molts colors. Amb piment\u00f3 vam fer el color taronja, amb restes de guix vam fer blau i verd, amb caf\u00e9 vam fer color marr\u00f3, amb remolatxa vam fer color rosa\u2026i molt\u00e9s coses m\u00e9s!<\/p>\n<p>I un cop creats tots els colors, es van posar mans a l&#8217;obra i van fer i pintar dibuixos meravellosos, voleu veure&#8217;ls?<\/p>\n<p>Cliqueu en el seg\u00fcent enlla\u00e7 per poder veure les imatges:\u00a0<a href=\"https:\/\/drive.google.com\/drive\/folders\/1sGCXql2yNBJqxGRGYMDEa4ToUDpmJW6z?usp=drive_link\">https:\/\/drive.google.com\/drive\/folders\/1sGCXql2yNBJqxGRGYMDEa4ToUDpmJW6z?usp=drive_link<\/a><\/p>\n","protected":false},"excerpt":{"rendered":"<p>Benvolgudes fam\u00edlies,<br \/>\nAquesta setmana els nens i nenes de I4A i I4B han \u00a0realitzat un taller molt especial \u201cCada brossa al seu color\u201d.\u00a0 Era un taller per conscienciar de la import\u00e0ncia que t\u00e9 el reciclatge i reutilitzar totes les coses que tenim a casa per treure&#8217;ls&hellip;  <a href=\"https:\/\/agora.xtec.cat\/ceip-jruyra-l-h\/general\/taller-cada-brossa-al-seu-color\/\" title=\"Read Taller &#8220;CADA BROSSA AL SEU COLOR&#8221;\">Llegeix m\u00e9s\u00bb<\/a><\/p>\n","protected":false},"author":1,"featured_media":14791,"comment_status":"open","ping_status":"closed","sticky":false,"template":"","format":"standard","meta":{"_bbp_topic_count":0,"_bbp_reply_count":0,"_bbp_total_topic_count":0,"_bbp_total_reply_count":0,"_bbp_voice_count":0,"_bbp_anonymous_reply_count":0,"_bbp_topic_count_hidden":0,"_bbp_reply_count_hidden":0,"_bbp_forum_subforum_count":0,"footnotes":""},"categories":[1,8,90],"tags":[],"class_list":["post-14790","post","type-post","status-publish","format-standard","has-post-thumbnail","hentry","category-general","category-i4","category-xesc"],"post_mailing_queue_ids":[],"_links":{"self":[{"href":"https:\/\/agora.xtec.cat\/ceip-jruyra-l-h\/wp-json\/wp\/v2\/posts\/14790","targetHints":{"allow":["GET"]}}],"collection":[{"href":"https:\/\/agora.xtec.cat\/ceip-jruyra-l-h\/wp-json\/wp\/v2\/posts"}],"about":[{"href":"https:\/\/agora.xtec.cat\/ceip-jruyra-l-h\/wp-json\/wp\/v2\/types\/post"}],"author":[{"embeddable":true,"href":"https:\/\/agora.xtec.cat\/ceip-jruyra-l-h\/wp-json\/wp\/v2\/users\/1"}],"replies":[{"embeddable":true,"href":"https:\/\/agora.xtec.cat\/ceip-jruyra-l-h\/wp-json\/wp\/v2\/comments?post=14790"}],"version-history":[{"count":2,"href":"https:\/\/agora.xtec.cat\/ceip-jruyra-l-h\/wp-json\/wp\/v2\/posts\/14790\/revisions"}],"predecessor-version":[{"id":14793,"href":"https:\/\/agora.xtec.cat\/ceip-jruyra-l-h\/wp-json\/wp\/v2\/posts\/14790\/revisions\/14793"}],"wp:featuredmedia":[{"embeddable":true,"href":"https:\/\/agora.xtec.cat\/ceip-jruyra-l-h\/wp-json\/wp\/v2\/media\/14791"}],"wp:attachment":[{"href":"https:\/\/agora.xtec.cat\/ceip-jruyra-l-h\/wp-json\/wp\/v2\/media?parent=14790"}],"wp:term":[{"taxonomy":"category","embeddable":true,"href":"https:\/\/agora.xtec.cat\/ceip-jruyra-l-h\/wp-json\/wp\/v2\/categories?post=14790"},{"taxonomy":"post_tag","embeddable":true,"href":"https:\/\/agora.xtec.cat\/ceip-jruyra-l-h\/wp-json\/wp\/v2\/tags?post=14790"}],"curies":[{"name":"wp","href":"https:\/\/api.w.org\/{rel}","templated":true}]}}