{"id":14776,"date":"2023-10-19T15:13:56","date_gmt":"2023-10-19T13:13:56","guid":{"rendered":"https:\/\/agora.xtec.cat\/ceip-jruyra-l-h\/?p=14776"},"modified":"2023-10-19T15:13:56","modified_gmt":"2023-10-19T13:13:56","slug":"grup-del-mes","status":"publish","type":"post","link":"https:\/\/agora.xtec.cat\/ceip-jruyra-l-h\/primaria\/6e\/grup-del-mes\/","title":{"rendered":"Grup del mes!"},"content":{"rendered":"<p>Ja tenim el guanyador del grup del mes. Qu\u00e8 tenim en compte per triar el grup m\u00e9s sublim i inefable del mes? \u00c9s aquell grup que col\u00b7labora, coopera, interactua i dinamitza millor, arribant sempre a un consens, utilitzant la nostra arma i eina principal per poder tenir \u00c8XIT en tot all\u00f2 que fem: EL DI\u00c0LEG. Gr\u00e0cies a ell aconseguim arribar al coneixement i l&#8217;aprenentatge. Per aix\u00f2, \u00e9s condici\u00f3 indispensable tenir en compte els sentiments, emocions i personalitats de tots i totes, \u00e9s a dir, ser molt emp\u00e0tics i assertius. Finalment, hem de donar l&#8217;enhorabona a la feina tan encomiable que han dut a terme el nostre grup del mes, ja que han estat molt responsables, valents aix\u00ed com resilients. Han treballat de valent! Felicitats!<br \/>\n<img loading=\"lazy\" decoding=\"async\" class=\"size-full wp-image-14777 alignright\" src=\"https:\/\/agora.xtec.cat\/ceip-jruyra-l-h\/wp-content\/uploads\/usu2049\/2023\/10\/IMG_20231017_122643.jpg\" alt=\"\" width=\"1126\" height=\"2000\" srcset=\"https:\/\/agora.xtec.cat\/ceip-jruyra-l-h\/wp-content\/uploads\/usu2049\/2023\/10\/IMG_20231017_122643.jpg 1126w, https:\/\/agora.xtec.cat\/ceip-jruyra-l-h\/wp-content\/uploads\/usu2049\/2023\/10\/IMG_20231017_122643-169x300.jpg 169w, https:\/\/agora.xtec.cat\/ceip-jruyra-l-h\/wp-content\/uploads\/usu2049\/2023\/10\/IMG_20231017_122643-432x768.jpg 432w, https:\/\/agora.xtec.cat\/ceip-jruyra-l-h\/wp-content\/uploads\/usu2049\/2023\/10\/IMG_20231017_122643-768x1364.jpg 768w, https:\/\/agora.xtec.cat\/ceip-jruyra-l-h\/wp-content\/uploads\/usu2049\/2023\/10\/IMG_20231017_122643-865x1536.jpg 865w\" sizes=\"auto, (max-width: 1126px) 100vw, 1126px\" \/><\/p>\n","protected":false},"excerpt":{"rendered":"<p>Ja tenim el guanyador del grup del mes. Qu\u00e8 tenim en compte per triar el grup m\u00e9s sublim i inefable del mes? \u00c9s aquell grup que col\u00b7labora, coopera, interactua i dinamitza millor, arribant sempre a un consens, utilitzant la nostra arma i eina principal per&hellip;  <a href=\"https:\/\/agora.xtec.cat\/ceip-jruyra-l-h\/primaria\/6e\/grup-del-mes\/\" title=\"Read Grup del mes!\">Llegeix m\u00e9s\u00bb<\/a><\/p>\n","protected":false},"author":4,"featured_media":14777,"comment_status":"open","ping_status":"closed","sticky":false,"template":"","format":"standard","meta":{"_bbp_topic_count":0,"_bbp_reply_count":0,"_bbp_total_topic_count":0,"_bbp_total_reply_count":0,"_bbp_voice_count":0,"_bbp_anonymous_reply_count":0,"_bbp_topic_count_hidden":0,"_bbp_reply_count_hidden":0,"_bbp_forum_subforum_count":0,"footnotes":""},"categories":[15],"tags":[],"class_list":["post-14776","post","type-post","status-publish","format-standard","has-post-thumbnail","hentry","category-6e"],"post_mailing_queue_ids":[],"_links":{"self":[{"href":"https:\/\/agora.xtec.cat\/ceip-jruyra-l-h\/wp-json\/wp\/v2\/posts\/14776","targetHints":{"allow":["GET"]}}],"collection":[{"href":"https:\/\/agora.xtec.cat\/ceip-jruyra-l-h\/wp-json\/wp\/v2\/posts"}],"about":[{"href":"https:\/\/agora.xtec.cat\/ceip-jruyra-l-h\/wp-json\/wp\/v2\/types\/post"}],"author":[{"embeddable":true,"href":"https:\/\/agora.xtec.cat\/ceip-jruyra-l-h\/wp-json\/wp\/v2\/users\/4"}],"replies":[{"embeddable":true,"href":"https:\/\/agora.xtec.cat\/ceip-jruyra-l-h\/wp-json\/wp\/v2\/comments?post=14776"}],"version-history":[{"count":3,"href":"https:\/\/agora.xtec.cat\/ceip-jruyra-l-h\/wp-json\/wp\/v2\/posts\/14776\/revisions"}],"predecessor-version":[{"id":14780,"href":"https:\/\/agora.xtec.cat\/ceip-jruyra-l-h\/wp-json\/wp\/v2\/posts\/14776\/revisions\/14780"}],"wp:featuredmedia":[{"embeddable":true,"href":"https:\/\/agora.xtec.cat\/ceip-jruyra-l-h\/wp-json\/wp\/v2\/media\/14777"}],"wp:attachment":[{"href":"https:\/\/agora.xtec.cat\/ceip-jruyra-l-h\/wp-json\/wp\/v2\/media?parent=14776"}],"wp:term":[{"taxonomy":"category","embeddable":true,"href":"https:\/\/agora.xtec.cat\/ceip-jruyra-l-h\/wp-json\/wp\/v2\/categories?post=14776"},{"taxonomy":"post_tag","embeddable":true,"href":"https:\/\/agora.xtec.cat\/ceip-jruyra-l-h\/wp-json\/wp\/v2\/tags?post=14776"}],"curies":[{"name":"wp","href":"https:\/\/api.w.org\/{rel}","templated":true}]}}