{"id":14710,"date":"2023-10-05T06:24:40","date_gmt":"2023-10-05T04:24:40","guid":{"rendered":"https:\/\/agora.xtec.cat\/ceip-jruyra-l-h\/?p=14710"},"modified":"2023-10-05T06:24:40","modified_gmt":"2023-10-05T04:24:40","slug":"i5b-classe-vikinga-aniversaris-de-setembre","status":"publish","type":"post","link":"https:\/\/agora.xtec.cat\/ceip-jruyra-l-h\/infantil\/i5\/i5b-classe-vikinga-aniversaris-de-setembre\/","title":{"rendered":"I5B Classe Vikinga: Aniversaris de Setembre"},"content":{"rendered":"<p><img loading=\"lazy\" decoding=\"async\" class=\"alignnone size-large wp-image-14711\" src=\"https:\/\/agora.xtec.cat\/ceip-jruyra-l-h\/wp-content\/uploads\/usu2049\/2023\/10\/20230929_1520340-576x768.jpg\" alt=\"\" width=\"576\" height=\"768\" srcset=\"https:\/\/agora.xtec.cat\/ceip-jruyra-l-h\/wp-content\/uploads\/usu2049\/2023\/10\/20230929_1520340-576x768.jpg 576w, https:\/\/agora.xtec.cat\/ceip-jruyra-l-h\/wp-content\/uploads\/usu2049\/2023\/10\/20230929_1520340-225x300.jpg 225w, https:\/\/agora.xtec.cat\/ceip-jruyra-l-h\/wp-content\/uploads\/usu2049\/2023\/10\/20230929_1520340-768x1024.jpg 768w, https:\/\/agora.xtec.cat\/ceip-jruyra-l-h\/wp-content\/uploads\/usu2049\/2023\/10\/20230929_1520340-1152x1536.jpg 1152w, https:\/\/agora.xtec.cat\/ceip-jruyra-l-h\/wp-content\/uploads\/usu2049\/2023\/10\/20230929_1520340-1536x2048.jpg 1536w, https:\/\/agora.xtec.cat\/ceip-jruyra-l-h\/wp-content\/uploads\/usu2049\/2023\/10\/20230929_1520340.jpg 1734w\" sizes=\"auto, (max-width: 576px) 100vw, 576px\" \/><\/p>\n<p>Aquest mes de Setembre hem celebrat els aniversaris d&#8217;en Youssef i la Mia.<\/p>\n<p>Despr\u00e9s de rebre la seva corona i cantar la can\u00e7\u00f3 dels aniversaris, en Youssef i la Mia han volgut compartir amb els companys i les companyes un berenar ben dol\u00e7 amb galetes i sucs. Despr\u00e9s de quedar ben tips i tipes s&#8217;ha obert la pista de ball i tothom ha gaudit ballant i jugant entre amics i amigues movent l&#8217;esquelet.<\/p>\n<p>No us perdeu les imatges i v\u00eddeos d&#8217;aquesta celebraci\u00f3 que podeu veure en el seg\u00fcent enlla\u00e7:\u00a0<a href=\"https:\/\/drive.google.com\/drive\/folders\/1UUGyhgIHJA1oI1T2Z5_1ZP8z5_3i4RrG?usp=sharing\">https:\/\/drive.google.com\/drive\/folders\/1UUGyhgIHJA1oI1T2Z5_1ZP8z5_3i4RrG?usp=sharing<\/a><\/p>\n","protected":false},"excerpt":{"rendered":"<p>Aquest mes de Setembre hem celebrat els aniversaris d&#8217;en Youssef i la Mia.<br \/>\nDespr\u00e9s de rebre la seva corona i cantar la can\u00e7\u00f3 dels aniversaris, en Youssef i la Mia han volgut compartir amb els companys i les companyes un berenar ben dol\u00e7 amb galetes i&hellip;  <a href=\"https:\/\/agora.xtec.cat\/ceip-jruyra-l-h\/infantil\/i5\/i5b-classe-vikinga-aniversaris-de-setembre\/\" title=\"Read I5B Classe Vikinga: Aniversaris de Setembre\">Llegeix m\u00e9s\u00bb<\/a><\/p>\n","protected":false},"author":37,"featured_media":14711,"comment_status":"open","ping_status":"closed","sticky":false,"template":"","format":"standard","meta":{"_bbp_topic_count":0,"_bbp_reply_count":0,"_bbp_total_topic_count":0,"_bbp_total_reply_count":0,"_bbp_voice_count":0,"_bbp_anonymous_reply_count":0,"_bbp_topic_count_hidden":0,"_bbp_reply_count_hidden":0,"_bbp_forum_subforum_count":0,"footnotes":""},"categories":[9],"tags":[],"class_list":["post-14710","post","type-post","status-publish","format-standard","has-post-thumbnail","hentry","category-i5"],"post_mailing_queue_ids":[],"_links":{"self":[{"href":"https:\/\/agora.xtec.cat\/ceip-jruyra-l-h\/wp-json\/wp\/v2\/posts\/14710","targetHints":{"allow":["GET"]}}],"collection":[{"href":"https:\/\/agora.xtec.cat\/ceip-jruyra-l-h\/wp-json\/wp\/v2\/posts"}],"about":[{"href":"https:\/\/agora.xtec.cat\/ceip-jruyra-l-h\/wp-json\/wp\/v2\/types\/post"}],"author":[{"embeddable":true,"href":"https:\/\/agora.xtec.cat\/ceip-jruyra-l-h\/wp-json\/wp\/v2\/users\/37"}],"replies":[{"embeddable":true,"href":"https:\/\/agora.xtec.cat\/ceip-jruyra-l-h\/wp-json\/wp\/v2\/comments?post=14710"}],"version-history":[{"count":1,"href":"https:\/\/agora.xtec.cat\/ceip-jruyra-l-h\/wp-json\/wp\/v2\/posts\/14710\/revisions"}],"predecessor-version":[{"id":14712,"href":"https:\/\/agora.xtec.cat\/ceip-jruyra-l-h\/wp-json\/wp\/v2\/posts\/14710\/revisions\/14712"}],"wp:featuredmedia":[{"embeddable":true,"href":"https:\/\/agora.xtec.cat\/ceip-jruyra-l-h\/wp-json\/wp\/v2\/media\/14711"}],"wp:attachment":[{"href":"https:\/\/agora.xtec.cat\/ceip-jruyra-l-h\/wp-json\/wp\/v2\/media?parent=14710"}],"wp:term":[{"taxonomy":"category","embeddable":true,"href":"https:\/\/agora.xtec.cat\/ceip-jruyra-l-h\/wp-json\/wp\/v2\/categories?post=14710"},{"taxonomy":"post_tag","embeddable":true,"href":"https:\/\/agora.xtec.cat\/ceip-jruyra-l-h\/wp-json\/wp\/v2\/tags?post=14710"}],"curies":[{"name":"wp","href":"https:\/\/api.w.org\/{rel}","templated":true}]}}